{"id":20557,"date":"2026-04-24T07:09:54","date_gmt":"2026-04-24T07:09:54","guid":{"rendered":"https:\/\/hotelbernatcalella.com\/?p=20557"},"modified":"2026-04-24T07:09:58","modified_gmt":"2026-04-24T07:09:58","slug":"charmants-villages-pres-calella","status":"publish","type":"post","link":"https:\/\/www.hotelbernatcalella.com\/fr\/alrededores-fr\/charmants-villages-pres-calella\/","title":{"rendered":"Charmants villages pr\u00e8s de Calella"},"content":{"rendered":"\t\t<div data-elementor-type=\"wp-post\" data-elementor-id=\"20557\" class=\"elementor elementor-20557 elementor-20429\" data-elementor-post-type=\"post\">\n\t\t\t\t<div class=\"elementor-element elementor-element-be8223c e-flex e-con-boxed e-con e-parent\" data-id=\"be8223c\" data-element_type=\"container\" data-e-type=\"container\">\n\t\t\t\t\t<div class=\"e-con-inner\">\n\t\t\t\t<div class=\"elementor-element elementor-element-049a3da elementor-widget elementor-widget-text-editor\" data-id=\"049a3da\" data-element_type=\"widget\" data-e-type=\"widget\" data-widget_type=\"text-editor.default\">\n\t\t\t\t\t\t\t\t\t<p>Si vous s\u00e9journez quelques jours dans notre <a href=\"https:\/\/www.hotelbernatcalella.com\/fr\/\">h\u00f4tel \u00e0 Calella<\/a>, nous vous proposons de visiter de jolis villages.<\/p><p>Dans cet article, vous d\u00e9couvrirez des villages de charme impr\u00e9gn\u00e9s de l&rsquo;esprit m\u00e9diterran\u00e9en, ainsi que d&rsquo;autres situ\u00e9s dans l&rsquo;arri\u00e8re-pays, au milieu des vignobles du Maresme<\/p>\t\t\t\t\t\t\t\t<\/div>\n\t\t\t\t<div class=\"elementor-element elementor-element-b9a56d5 elementor-widget elementor-widget-heading\" data-id=\"b9a56d5\" data-element_type=\"widget\" data-e-type=\"widget\" data-widget_type=\"heading.default\">\n\t\t\t\t\t<h2 class=\"elementor-heading-title elementor-size-default\">Charmants villages pr\u00e8s de Calella, Barcelone\n<\/h2>\t\t\t\t<\/div>\n\t\t\t\t<div class=\"elementor-element elementor-element-b49e5f4 elementor-widget elementor-widget-spacer\" data-id=\"b49e5f4\" data-element_type=\"widget\" data-e-type=\"widget\" data-widget_type=\"spacer.default\">\n\t\t\t\t\t\t\t<div class=\"elementor-spacer\">\n\t\t\t<div class=\"elementor-spacer-inner\"><\/div>\n\t\t<\/div>\n\t\t\t\t\t\t<\/div>\n\t\t\t\t\t<\/div>\n\t\t\t\t<\/div>\n\t\t<div class=\"elementor-element elementor-element-2241373 e-flex e-con-boxed e-con e-parent\" data-id=\"2241373\" data-element_type=\"container\" data-e-type=\"container\">\n\t\t\t\t\t<div class=\"e-con-inner\">\n\t\t<div class=\"elementor-element elementor-element-7d09d43 e-grid e-con-full e-con e-child\" data-id=\"7d09d43\" data-element_type=\"container\" data-e-type=\"container\">\n\t\t\t\t<div class=\"elementor-element elementor-element-dff1af4 elementor-widget elementor-widget-image\" data-id=\"dff1af4\" data-element_type=\"widget\" data-e-type=\"widget\" data-widget_type=\"image.default\">\n\t\t\t\t\t\t\t\t\t\t\t\t\t\t\t<img decoding=\"async\" src=\"https:\/\/www.hotelbernatcalella.com\/wp-content\/uploads\/elementor\/thumbs\/Sant-Pol-de-Mar-rmf8awjukb1wt0wnrqqpli65wdotslau0hk5g3pdzo.webp\" title=\"Sant Pol de Mar\" alt=\"Sant Pol de Mar\" loading=\"lazy\" \/>\t\t\t\t\t\t\t\t\t\t\t\t\t\t\t<\/div>\n\t\t\t\t<div class=\"elementor-element elementor-element-3f39454 elementor-widget elementor-widget-image-box\" data-id=\"3f39454\" data-element_type=\"widget\" data-e-type=\"widget\" data-widget_type=\"image-box.default\">\n\t\t\t\t\t<div class=\"elementor-image-box-wrapper\"><div class=\"elementor-image-box-content\"><h3 class=\"elementor-image-box-title\"><a href=\"https:\/\/www.cuina-santpau.cat\/\">Sant Pol de Mar<\/a><\/h3><p class=\"elementor-image-box-description\">Sant Pol est un ancien village de p\u00eacheurs aux maisons blanches, dot\u00e9 d'un riche patrimoine architectural comprenant des b\u00e2timents modernistes, comme les anciennes \u00e9coles, et des maisons de style \u00ab indian \u00bb, telles que Ca l'Adroher. \n\nIl est \u00e9galement r\u00e9put\u00e9 pour sa gastronomie, qui propose aussi bien des plats traditionnels \u00e0 base de produits de saison et locaux que de la haute gastronomie, gr\u00e2ce \u00e0 l'empreinte laiss\u00e9e par Carme Ruscalleda avec son restaurant Sant Pau.<\/p><\/div><\/div>\t\t\t\t<\/div>\n\t\t\t\t<\/div>\n\t\t<div class=\"elementor-element elementor-element-80886ee e-grid e-con-full e-con e-child\" data-id=\"80886ee\" data-element_type=\"container\" data-e-type=\"container\">\n\t\t\t\t<div class=\"elementor-element elementor-element-703e9a9 elementor-widget elementor-widget-image-box\" data-id=\"703e9a9\" data-element_type=\"widget\" data-e-type=\"widget\" data-widget_type=\"image-box.default\">\n\t\t\t\t\t<div class=\"elementor-image-box-wrapper\"><div class=\"elementor-image-box-content\"><h3 class=\"elementor-image-box-title\"><a href=\"https:\/\/casamuseu.canetdemar.cat\/\">Canet de Mar<\/a><\/h3><p class=\"elementor-image-box-description\">Id\u00e9al pour les amateurs du modernisme catalan. Le village poss\u00e8de un riche patrimoine moderniste gr\u00e2ce \u00e0 des architectes tels que Lu\u00eds Dom\u00e8nech i Montaner. Vous trouverez plusieurs circuits pour d\u00e9couvrir le village \u00e0 l'Office de tourisme.   \n\nVous pouvez visiter la Maison-mus\u00e9e Dom\u00e8nech i Montaner, consacr\u00e9e \u00e0 la vie et \u00e0 l'\u0153uvre de l'architecte moderniste.<br>En septembre se tient la Fira Mercat Modernista, avec des visites guid\u00e9es, des ateliers et des stands d'artisanat. \n<\/p><\/div><\/div>\t\t\t\t<\/div>\n\t\t\t\t<div class=\"elementor-element elementor-element-c56b3ae elementor-widget elementor-widget-image\" data-id=\"c56b3ae\" data-element_type=\"widget\" data-e-type=\"widget\" data-widget_type=\"image.default\">\n\t\t\t\t\t\t\t\t\t\t\t\t\t\t\t<img decoding=\"async\" src=\"https:\/\/www.hotelbernatcalella.com\/wp-content\/uploads\/elementor\/thumbs\/Canet-de-Mar_-Casa-Domenech-rmf8atqbzsy1u70r87itw0vs482q5hzn03lp09tkic.webp\" title=\"Canet de Mar_ Casa Domenech\" alt=\"Canet de Mar_ Casa Domenech\" loading=\"lazy\" \/>\t\t\t\t\t\t\t\t\t\t\t\t\t\t\t<\/div>\n\t\t\t\t<\/div>\n\t\t\t\t\t<\/div>\n\t\t\t\t<\/div>\n\t\t<div class=\"elementor-element elementor-element-619b993 e-flex e-con-boxed e-con e-parent\" data-id=\"619b993\" data-element_type=\"container\" data-e-type=\"container\">\n\t\t\t\t\t<div class=\"e-con-inner\">\n\t\t\t\t<div class=\"elementor-element elementor-element-3a53f5c elementor-widget elementor-widget-spacer\" data-id=\"3a53f5c\" data-element_type=\"widget\" data-e-type=\"widget\" data-widget_type=\"spacer.default\">\n\t\t\t\t\t\t\t<div class=\"elementor-spacer\">\n\t\t\t<div class=\"elementor-spacer-inner\"><\/div>\n\t\t<\/div>\n\t\t\t\t\t\t<\/div>\n\t\t\t\t\t<\/div>\n\t\t\t\t<\/div>\n\t\t<div class=\"elementor-element elementor-element-2e48cdb e-flex e-con-boxed e-con e-parent\" data-id=\"2e48cdb\" data-element_type=\"container\" data-e-type=\"container\">\n\t\t\t\t\t<div class=\"e-con-inner\">\n\t\t<div class=\"elementor-element elementor-element-cf01295 e-grid e-con-full e-con e-child\" data-id=\"cf01295\" data-element_type=\"container\" data-e-type=\"container\">\n\t\t\t\t<div class=\"elementor-element elementor-element-ae14d02 elementor-widget elementor-widget-image\" data-id=\"ae14d02\" data-element_type=\"widget\" data-e-type=\"widget\" data-widget_type=\"image.default\">\n\t\t\t\t\t\t\t\t\t\t\t\t\t\t\t<img decoding=\"async\" src=\"https:\/\/www.hotelbernatcalella.com\/wp-content\/uploads\/elementor\/thumbs\/Arenys-de-Mar-rmf8ao3ausqbwj8y5532h2b0jwuivbd8zbos4m1xjo.webp\" title=\"Arenys de Mar\" alt=\"Arenys de Mar\" loading=\"lazy\" \/>\t\t\t\t\t\t\t\t\t\t\t\t\t\t\t<\/div>\n\t\t\t\t<div class=\"elementor-element elementor-element-e60eb01 elementor-widget elementor-widget-image-box\" data-id=\"e60eb01\" data-element_type=\"widget\" data-e-type=\"widget\" data-widget_type=\"image-box.default\">\n\t\t\t\t\t<div class=\"elementor-image-box-wrapper\"><div class=\"elementor-image-box-content\"><h3 class=\"elementor-image-box-title\"><a href=\"https:\/\/arenysdemar.cat\/calamarenys\">Arenys de Mar<\/a><\/h3><p class=\"elementor-image-box-description\">Un village dot\u00e9 de l'un des ports de p\u00eache les plus importants de la c\u00f4te catalane, o\u00f9 se tient la cri\u00e9e du lundi au vendredi vers 16 h \u00e0 la halle aux poissons.  \nSur la Rambla, vous trouverez l'\u00e9glise Santa Mar\u00eda, qui abrite un retable baroque. \nEn octobre-novembre, on c\u00e9l\u00e8bre les Calamarenys, des journ\u00e9es gastronomiques consacr\u00e9es au calamar. \n<\/p><\/div><\/div>\t\t\t\t<\/div>\n\t\t\t\t<\/div>\n\t\t<div class=\"elementor-element elementor-element-10fa32d e-grid e-con-full e-con e-child\" data-id=\"10fa32d\" data-element_type=\"container\" data-e-type=\"container\">\n\t\t\t\t<div class=\"elementor-element elementor-element-0d8ddc4 elementor-widget elementor-widget-image-box\" data-id=\"0d8ddc4\" data-element_type=\"widget\" data-e-type=\"widget\" data-widget_type=\"image-box.default\">\n\t\t\t\t\t<div class=\"elementor-image-box-wrapper\"><div class=\"elementor-image-box-content\"><h3 class=\"elementor-image-box-title\"><a href=\"https:\/\/www.turismemaresme.cat\/ca\/que-fer\/cultura\/museus\/fundacio-palau\">Caldes d\u2019Estrac (Caldetes)<\/a><\/h3><p class=\"elementor-image-box-description\">C'est une commune dont l'origine remonte au XIIIe si\u00e8cle, construite autour d'un ancien h\u00f4pital et d'une \u00e9glise. Ses eaux thermales, d\u00e9j\u00e0 utilis\u00e9es par les Romains et les Arabes, ont marqu\u00e9 l'histoire de ce village. <br>En 1820, les bains publics ont gagn\u00e9 en notori\u00e9t\u00e9 et de nombreux bourgeois de l'\u00e9poque ont fait de ce village une station baln\u00e9aire et un lieu de repos estival.<br>Vous y trouverez la Fondation Palau i Fabr\u00e9, qui expose en permanence des \u0153uvres de Picasso et d'autres artistes tels que Mir\u00f3, T\u00e0pies et Miquel Barcel\u00f3.  \n<\/p><\/div><\/div>\t\t\t\t<\/div>\n\t\t\t\t<div class=\"elementor-element elementor-element-4103cd8 elementor-widget elementor-widget-image\" data-id=\"4103cd8\" data-element_type=\"widget\" data-e-type=\"widget\" data-widget_type=\"image.default\">\n\t\t\t\t\t\t\t\t\t\t\t\t\t\t\t<img decoding=\"async\" src=\"https:\/\/www.hotelbernatcalella.com\/wp-content\/uploads\/elementor\/thumbs\/caldes-d-estrac-rmf8arunm4vh6z3hj6pkr1cuxgbzq3s6buaq1pwcus.webp\" title=\"caldes d estrac\" alt=\"caldes d estrac\" loading=\"lazy\" \/>\t\t\t\t\t\t\t\t\t\t\t\t\t\t\t<\/div>\n\t\t\t\t<\/div>\n\t\t\t\t\t<\/div>\n\t\t\t\t<\/div>\n\t\t<div class=\"elementor-element elementor-element-29f35fc e-flex e-con-boxed e-con e-parent\" data-id=\"29f35fc\" data-element_type=\"container\" data-e-type=\"container\">\n\t\t\t\t\t<div class=\"e-con-inner\">\n\t\t\t\t<div class=\"elementor-element elementor-element-7b17fea elementor-widget elementor-widget-spacer\" data-id=\"7b17fea\" data-element_type=\"widget\" data-e-type=\"widget\" data-widget_type=\"spacer.default\">\n\t\t\t\t\t\t\t<div class=\"elementor-spacer\">\n\t\t\t<div class=\"elementor-spacer-inner\"><\/div>\n\t\t<\/div>\n\t\t\t\t\t\t<\/div>\n\t\t\t\t\t<\/div>\n\t\t\t\t<\/div>\n\t\t<div class=\"elementor-element elementor-element-ef80d44 e-flex e-con-boxed e-con e-parent\" data-id=\"ef80d44\" data-element_type=\"container\" data-e-type=\"container\">\n\t\t\t\t\t<div class=\"e-con-inner\">\n\t\t<div class=\"elementor-element elementor-element-9a6fa5d e-grid e-con-full e-con e-child\" data-id=\"9a6fa5d\" data-element_type=\"container\" data-e-type=\"container\">\n\t\t\t\t<div class=\"elementor-element elementor-element-47c5d05 elementor-widget elementor-widget-image\" data-id=\"47c5d05\" data-element_type=\"widget\" data-e-type=\"widget\" data-widget_type=\"image.default\">\n\t\t\t\t\t\t\t\t\t\t\t\t\t\t\t<img decoding=\"async\" src=\"https:\/\/www.hotelbernatcalella.com\/wp-content\/uploads\/elementor\/thumbs\/mataro-rmfdhyfmlf437h7bilhzsawdkrqdk7vvqb6nieczro.webp\" title=\"matar\u00f3\" alt=\"matar\u00f3\" loading=\"lazy\" \/>\t\t\t\t\t\t\t\t\t\t\t\t\t\t\t<\/div>\n\t\t\t\t<div class=\"elementor-element elementor-element-5986456 elementor-widget elementor-widget-image-box\" data-id=\"5986456\" data-element_type=\"widget\" data-e-type=\"widget\" data-widget_type=\"image-box.default\">\n\t\t\t\t\t<div class=\"elementor-image-box-wrapper\"><div class=\"elementor-image-box-content\"><h3 class=\"elementor-image-box-title\"><a href=\"https:\/\/visitmataro.cat\/es\/descubre\/la-ciudad\/presentacion\">Matar\u00f3<\/a><\/h3><p class=\"elementor-image-box-description\">La ville la plus importante du Maresme. \nC'est ici qu'a \u00e9t\u00e9 construite la premi\u00e8re ligne de chemin de fer de la p\u00e9ninsule, reliant Matar\u00f3 \u00e0 Barcelone. \nElle allie le dynamisme d'une ville industrielle \u00e0 l'universit\u00e9, l'histoire, le patrimoine, la culture\u2026 Vous y trouverez la Nau Gaud\u00ed, la premi\u00e8re \u0153uvre de l'architecte moderniste et si\u00e8ge du Mus\u00e9e d'art contemporain. \n\u00c0 Matar\u00f3, vous pourrez profiter du shopping, des loisirs et de la gastronomie. La derni\u00e8re semaine de juillet a lieu la f\u00eate patronale, connue sous le nom de \u00ab Les Santes \u00bb. \n<\/p><\/div><\/div>\t\t\t\t<\/div>\n\t\t\t\t<\/div>\n\t\t<div class=\"elementor-element elementor-element-9d6d5ee e-grid e-con-full e-con e-child\" data-id=\"9d6d5ee\" data-element_type=\"container\" data-e-type=\"container\">\n\t\t\t\t<div class=\"elementor-element elementor-element-1684eb6 elementor-widget elementor-widget-image-box\" data-id=\"1684eb6\" data-element_type=\"widget\" data-e-type=\"widget\" data-widget_type=\"image-box.default\">\n\t\t\t\t\t<div class=\"elementor-image-box-wrapper\"><div class=\"elementor-image-box-content\"><h3 class=\"elementor-image-box-title\"><a href=\"https:\/\/www.turismemaresme.cat\/ca\/descobreix\/municipis\/cabrera-de-mar\">Cabrera de Mar<\/a><\/h3><p class=\"elementor-image-box-description\">Cabrera de Mar est une commune qui allie mer, plages et montagne, et qui poss\u00e8de une grande richesse historique et paysag\u00e8re.<br>Au pied du ch\u00e2teau de Burriac, on trouve les vestiges d'un village ib\u00e9rique et, dans le village m\u00eame, des vestiges de l'\u00e9poque romaine. Il existe de nombreux itin\u00e9raires et sentiers pour visiter le ch\u00e2teau et ses environs. Les plus faciles, adapt\u00e9s \u00e0 tous les niveaux, partent du centre-ville de Cabrera.<br>Au cours du deuxi\u00e8me week-end d'octobre, Cabrera de Mar se transformera en l'ancienne ville d'Ilturo, recr\u00e9ant ainsi sa riche \u00e9poque ib\u00e9ro-romaine.  \n<\/p><\/div><\/div>\t\t\t\t<\/div>\n\t\t\t\t<div class=\"elementor-element elementor-element-d6cb5d3 elementor-widget elementor-widget-image\" data-id=\"d6cb5d3\" data-element_type=\"widget\" data-e-type=\"widget\" data-widget_type=\"image.default\">\n\t\t\t\t\t\t\t\t\t\t\t\t\t\t\t<img decoding=\"async\" src=\"https:\/\/www.hotelbernatcalella.com\/wp-content\/uploads\/elementor\/thumbs\/Cabrera-de-Mar_-Castell-de-Burriac-rmf8aqwtfau6vd4uooay6jlec2gmieofzpn8kfxr10.webp\" title=\"Cabrera de Mar_ Castell de Burriac\" alt=\"Cabrera de Mar_ Castell de Burriac\" loading=\"lazy\" \/>\t\t\t\t\t\t\t\t\t\t\t\t\t\t\t<\/div>\n\t\t\t\t<\/div>\n\t\t\t\t\t<\/div>\n\t\t\t\t<\/div>\n\t\t<div class=\"elementor-element elementor-element-92e9357 e-flex e-con-boxed e-con e-parent\" data-id=\"92e9357\" data-element_type=\"container\" data-e-type=\"container\">\n\t\t\t\t\t<div class=\"e-con-inner\">\n\t\t\t\t<div class=\"elementor-element elementor-element-ffa6f9f elementor-widget elementor-widget-spacer\" data-id=\"ffa6f9f\" data-element_type=\"widget\" data-e-type=\"widget\" data-widget_type=\"spacer.default\">\n\t\t\t\t\t\t\t<div class=\"elementor-spacer\">\n\t\t\t<div class=\"elementor-spacer-inner\"><\/div>\n\t\t<\/div>\n\t\t\t\t\t\t<\/div>\n\t\t\t\t\t<\/div>\n\t\t\t\t<\/div>\n\t\t<div class=\"elementor-element elementor-element-ea9534a e-flex e-con-boxed e-con e-parent\" data-id=\"ea9534a\" data-element_type=\"container\" data-e-type=\"container\">\n\t\t\t\t\t<div class=\"e-con-inner\">\n\t\t<div class=\"elementor-element elementor-element-b6fe3a1 e-grid e-con-full e-con e-child\" data-id=\"b6fe3a1\" data-element_type=\"container\" data-e-type=\"container\">\n\t\t\t\t<div class=\"elementor-element elementor-element-bb85a01 elementor-widget elementor-widget-image\" data-id=\"bb85a01\" data-element_type=\"widget\" data-e-type=\"widget\" data-widget_type=\"image.default\">\n\t\t\t\t\t\t\t\t\t\t\t\t\t\t\t<img decoding=\"async\" src=\"https:\/\/www.hotelbernatcalella.com\/wp-content\/uploads\/elementor\/thumbs\/Alella-rmf8am7mh4nr9bbog49tc2s3d53sfx5sb2dt624pw4.webp\" title=\"Alella\" alt=\"Alella\" loading=\"lazy\" \/>\t\t\t\t\t\t\t\t\t\t\t\t\t\t\t<\/div>\n\t\t\t\t<div class=\"elementor-element elementor-element-d5835c5 elementor-widget elementor-widget-image-box\" data-id=\"d5835c5\" data-element_type=\"widget\" data-e-type=\"widget\" data-widget_type=\"image-box.default\">\n\t\t\t\t\t<div class=\"elementor-image-box-wrapper\"><div class=\"elementor-image-box-content\"><h3 class=\"elementor-image-box-title\"><a href=\"https:\/\/alella.cat\/turisme\">Alella<\/a><\/h3><p class=\"elementor-image-box-description\">L'un des secrets les mieux gard\u00e9s des environs de Barcelone. On y trouve des vestiges romains, le village ib\u00e9rique de la Cadira del Bisbe et un important patrimoine moderniste.<br>Vous y d\u00e9couvrirez \u00e9galement de magnifiques demeures seigneuriales, car Alella \u00e9tait une destination estivale pris\u00e9e par la bourgeoisie au XIXe et au d\u00e9but du XXe si\u00e8cle.<br> Alella est une promenade au milieu des vignes au bord de la mer et est r\u00e9put\u00e9e pour ses vins de l'appellation d'origine Alella, la plus petite de la p\u00e9ninsule et l'une des plus anciennes. \n<\/p><\/div><\/div>\t\t\t\t<\/div>\n\t\t\t\t<\/div>\n\t\t<div class=\"elementor-element elementor-element-d038567 e-grid e-con-full e-con e-child\" data-id=\"d038567\" data-element_type=\"container\" data-e-type=\"container\">\n\t\t\t\t<div class=\"elementor-element elementor-element-cd425b9 elementor-widget elementor-widget-image-box\" data-id=\"cd425b9\" data-element_type=\"widget\" data-e-type=\"widget\" data-widget_type=\"image-box.default\">\n\t\t\t\t\t<div class=\"elementor-image-box-wrapper\"><div class=\"elementor-image-box-content\"><h3 class=\"elementor-image-box-title\"><a href=\"https:\/\/www.museucantir.org\/\">Argentona<\/a><\/h3><p class=\"elementor-image-box-description\">Argentona abrite une grande partie de l'\u0153uvre de l'un des grands noms du modernisme catalan, Josep Puig i Cadafalch, qui avait choisi Argentona comme lieu de vill\u00e9giature.<br>On y trouve \u00e9galement plus de 200 sources, dont certaines sont gaz\u00e9ifi\u00e9es. Jusqu'aux ann\u00e9es 1970, l'eau \u00e9tait mise en bouteille pour \u00eatre commercialis\u00e9e. Les plus connues sont la \u00ab Font Picant \u00bb et la \u00ab Font de Ferro \u00bb.   \nVous pouvez visiter le mus\u00e9e du Cantir (pichet). En ao\u00fbt a lieu la F\u00eate du Cantir, qui se tient toujours le jour de la Saint-Dominique, le 4 ao\u00fbt.  \n<\/p><\/div><\/div>\t\t\t\t<\/div>\n\t\t\t\t<div class=\"elementor-element elementor-element-625452c elementor-widget elementor-widget-image\" data-id=\"625452c\" data-element_type=\"widget\" data-e-type=\"widget\" data-widget_type=\"image.default\">\n\t\t\t\t\t\t\t\t\t\t\t\t\t\t\t<img decoding=\"async\" src=\"https:\/\/www.hotelbernatcalella.com\/wp-content\/uploads\/elementor\/thumbs\/Argentona-rmf8ap151mrm857kznhp1k2h5apw30gzbgc9lw0jdg.webp\" title=\"Argentona\" alt=\"Argentona\" loading=\"lazy\" \/>\t\t\t\t\t\t\t\t\t\t\t\t\t\t\t<\/div>\n\t\t\t\t<\/div>\n\t\t\t\t\t<\/div>\n\t\t\t\t<\/div>\n\t\t<div class=\"elementor-element elementor-element-bcd16b7 e-con-full elementor-hidden-desktop elementor-hidden-tablet e-flex elementor-invisible e-con e-parent\" data-id=\"bcd16b7\" data-element_type=\"container\" data-e-type=\"container\" data-settings=\"{&quot;animation&quot;:&quot;shake&quot;,&quot;position&quot;:&quot;fixed&quot;}\">\n\t\t\t\t<\/div>\n\t\t<div class=\"elementor-element elementor-element-20667c8 e-flex e-con-boxed e-con e-parent\" data-id=\"20667c8\" data-element_type=\"container\" data-e-type=\"container\">\n\t\t\t\t\t<div class=\"e-con-inner\">\n\t\t\t\t<div class=\"elementor-element elementor-element-3c6a62a elementor-widget elementor-widget-spacer\" data-id=\"3c6a62a\" data-element_type=\"widget\" data-e-type=\"widget\" data-widget_type=\"spacer.default\">\n\t\t\t\t\t\t\t<div class=\"elementor-spacer\">\n\t\t\t<div class=\"elementor-spacer-inner\"><\/div>\n\t\t<\/div>\n\t\t\t\t\t\t<\/div>\n\t\t\t\t<div class=\"elementor-element elementor-element-5220160 elementor-widget elementor-widget-text-editor\" data-id=\"5220160\" data-element_type=\"widget\" data-e-type=\"widget\" data-widget_type=\"text-editor.default\">\n\t\t\t\t\t\t\t\t\t<p>Le Maresme, c&rsquo;est bien plus que des plages : c&rsquo;est une combinaison unique de villages de p\u00eacheurs, de culture moderniste, de vignobles et de nature. <\/p><p>Depuis notre <strong><a href=\"https:\/\/www.hotelbernatcalella.com\/fr\/\">h\u00f4tel \u00e0 Calella<\/a><\/strong>, le Bernat II, vous disposerez d&rsquo;un excellent point de d\u00e9part. <\/p>\t\t\t\t\t\t\t\t<\/div>\n\t\t\t\t<div class=\"elementor-element elementor-element-af59c8c elementor-widget elementor-widget-heading\" data-id=\"af59c8c\" data-element_type=\"widget\" data-e-type=\"widget\" data-widget_type=\"heading.default\">\n\t\t\t\t\t<h3 class=\"elementor-heading-title elementor-size-default\">Venez-vous d\u00e9couvrir le Maresme ?<\/h3>\t\t\t\t<\/div>\n\t\t\t\t<div class=\"elementor-element elementor-element-a643581 elementor-widget elementor-widget-text-editor\" data-id=\"a643581\" data-element_type=\"widget\" data-e-type=\"widget\" data-widget_type=\"text-editor.default\">\n\t\t\t\t\t\t\t\t\t<p>Photo: <a href=\"https:\/\/www.turismemaresme.cat\/es\/descubre\/\">Turisme Maresme<\/a><\/p>\t\t\t\t\t\t\t\t<\/div>\n\t\t\t\t\t<\/div>\n\t\t\t\t<\/div>\n\t\t\t\t<\/div>\n\t\t","protected":false},"excerpt":{"rendered":"<p>Si vous s\u00e9journez quelques jours dans notre h\u00f4tel \u00e0 Calella, nous vous proposons de visiter de jolis villages. Dans cet article, vous d\u00e9couvrirez des villages de charme impr\u00e9gn\u00e9s de l&rsquo;esprit m\u00e9diterran\u00e9en, ainsi que d&rsquo;autres situ\u00e9s dans l&rsquo;arri\u00e8re-pays, au milieu des vignobles du Maresme Charmants villages pr\u00e8s de Calella, Barcelone Sant Pol de Mar Sant Pol &#8230;<\/p>\n","protected":false},"author":6,"featured_media":20556,"comment_status":"closed","ping_status":"open","sticky":false,"template":"","format":"standard","meta":{"loftocean_post_format_gallery":"","loftocean_post_format_gallery_ids":"","loftocean_post_format_gallery_urls":"","loftocean_post_format_video_id":0,"loftocean_post_format_video_url":"","loftocean_post_format_video_type":"","loftocean_post_format_video":"","loftocean_post_format_audio_type":"","loftocean_post_format_audio_url":"","loftocean_post_format_audio_id":0,"loftocean_post_format_audio":"","loftocean-like-count":0,"cozystay_single_post_hide_site_header":"","cozystay_single_post_site_header_source":"","cozystay_single_post_custom_site_header":"0","cozystay_single_post_custom_sticky_site_header":"0","cozystay_single_post_hide_page_title":"","cozystay_single_post_site_footer_hide_main":"","cozystay_single_custom_site_footer_main_source":"","cozystay_single_custom_site_footer_main":"0","cozystay_single_post_site_footer_hide_above":"","cozystay_single_custom_site_footer_above_source":"","cozystay_single_custom_site_footer_above":"0","cozystay_single_post_site_footer_hide_instagram":"","cozystay_single_post_site_footer_hide_bottom":"","cozystay_single_custom_mobile_menu_source":"","cozystay_single_custom_mobile_menu":"0","cozystay_single_custom_mobile_menu_animation":"","cozystay_single_custom_mobile_menu_width":"","cozystay_single_custom_mobile_menu_custom_width":375,"cozystay_single_post_template":"","footnotes":""},"categories":[437],"tags":[462,184,185,464,701,702],"class_list":["post-20557","post","type-post","status-publish","format-standard","has-post-thumbnail","hentry","category-alrededores-fr","tag-activitats-fr","tag-couples-fr","tag-culture-fr","tag-families-fr","tag-que-visiter-aux-alentours-de-calella","tag-que-voir-dans-le-maresme"],"yoast_head":"<!-- This site is optimized with the Yoast SEO plugin v27.1.1 - https:\/\/yoast.com\/product\/yoast-seo-wordpress\/ -->\n<title>Charmants villages pr\u00e8s de Calella | Hotel Bernat II<\/title>\n<meta name=\"description\" content=\"Le Maresme, c&#039;est bien plus que des plages : c&#039;est une combinaison unique de villages de p\u00eacheurs, de culture moderniste, de vignobles et de nature.\" \/>\n<meta name=\"robots\" content=\"index, follow, max-snippet:-1, max-image-preview:large, max-video-preview:-1\" \/>\n<link rel=\"canonical\" href=\"https:\/\/www.hotelbernatcalella.com\/fr\/alrededores-fr\/charmants-villages-pres-calella\/\" \/>\n<meta property=\"og:locale\" content=\"fr_FR\" \/>\n<meta property=\"og:type\" content=\"article\" \/>\n<meta property=\"og:title\" content=\"Charmants villages pr\u00e8s de Calella | Hotel Bernat II\" \/>\n<meta property=\"og:description\" content=\"Le Maresme, c&#039;est bien plus que des plages : c&#039;est une combinaison unique de villages de p\u00eacheurs, de culture moderniste, de vignobles et de nature.\" \/>\n<meta property=\"og:url\" content=\"https:\/\/www.hotelbernatcalella.com\/fr\/alrededores-fr\/charmants-villages-pres-calella\/\" \/>\n<meta property=\"og:site_name\" content=\"Hotel Bernat II\" \/>\n<meta property=\"article:published_time\" content=\"2026-04-24T07:09:54+00:00\" \/>\n<meta property=\"article:modified_time\" content=\"2026-04-24T07:09:58+00:00\" \/>\n<meta property=\"og:image\" content=\"https:\/\/hotelbernatcalella.com\/wp-content\/uploads\/2026\/04\/Pueblos-alrededores-Calella_Maresme.webp\" \/>\n\t<meta property=\"og:image:width\" content=\"2000\" \/>\n\t<meta property=\"og:image:height\" content=\"1029\" \/>\n\t<meta property=\"og:image:type\" content=\"image\/webp\" \/>\n<meta name=\"author\" content=\"tecnico_alojapro\" \/>\n<meta name=\"twitter:card\" content=\"summary_large_image\" \/>\n<meta name=\"twitter:label1\" content=\"\u00c9crit par\" \/>\n\t<meta name=\"twitter:data1\" content=\"tecnico_alojapro\" \/>\n\t<meta name=\"twitter:label2\" content=\"Dur\u00e9e de lecture estim\u00e9e\" \/>\n\t<meta name=\"twitter:data2\" content=\"4 minutes\" \/>\n<script type=\"application\/ld+json\" class=\"yoast-schema-graph\">{\"@context\":\"https:\/\/schema.org\",\"@graph\":[{\"@type\":\"Article\",\"@id\":\"https:\/\/www.hotelbernatcalella.com\/fr\/alrededores-fr\/charmants-villages-pres-calella\/#article\",\"isPartOf\":{\"@id\":\"https:\/\/www.hotelbernatcalella.com\/fr\/alrededores-fr\/charmants-villages-pres-calella\/\"},\"author\":{\"name\":\"tecnico_alojapro\",\"@id\":\"https:\/\/www.hotelbernatcalella.com\/fr\/#\/schema\/person\/da11a0d0fe49c2dda080262160525dfe\"},\"headline\":\"Charmants villages pr\u00e8s de Calella\",\"datePublished\":\"2026-04-24T07:09:54+00:00\",\"dateModified\":\"2026-04-24T07:09:58+00:00\",\"mainEntityOfPage\":{\"@id\":\"https:\/\/www.hotelbernatcalella.com\/fr\/alrededores-fr\/charmants-villages-pres-calella\/\"},\"wordCount\":876,\"image\":{\"@id\":\"https:\/\/www.hotelbernatcalella.com\/fr\/alrededores-fr\/charmants-villages-pres-calella\/#primaryimage\"},\"thumbnailUrl\":\"https:\/\/www.hotelbernatcalella.com\/wp-content\/uploads\/2026\/04\/Pueblos-alrededores-Calella_Maresme.webp\",\"keywords\":[\"Activitats\",\"Couples\",\"Culture\",\"Fam\u00edlies\",\"Que visiter aux alentours de Calella ?\",\"Que voir dans le Maresme ?\"],\"articleSection\":[\"Alentours\"],\"inLanguage\":\"fr-FR\"},{\"@type\":\"WebPage\",\"@id\":\"https:\/\/www.hotelbernatcalella.com\/fr\/alrededores-fr\/charmants-villages-pres-calella\/\",\"url\":\"https:\/\/www.hotelbernatcalella.com\/fr\/alrededores-fr\/charmants-villages-pres-calella\/\",\"name\":\"Charmants villages pr\u00e8s de Calella | Hotel Bernat II\",\"isPartOf\":{\"@id\":\"https:\/\/www.hotelbernatcalella.com\/fr\/#website\"},\"primaryImageOfPage\":{\"@id\":\"https:\/\/www.hotelbernatcalella.com\/fr\/alrededores-fr\/charmants-villages-pres-calella\/#primaryimage\"},\"image\":{\"@id\":\"https:\/\/www.hotelbernatcalella.com\/fr\/alrededores-fr\/charmants-villages-pres-calella\/#primaryimage\"},\"thumbnailUrl\":\"https:\/\/www.hotelbernatcalella.com\/wp-content\/uploads\/2026\/04\/Pueblos-alrededores-Calella_Maresme.webp\",\"datePublished\":\"2026-04-24T07:09:54+00:00\",\"dateModified\":\"2026-04-24T07:09:58+00:00\",\"author\":{\"@id\":\"https:\/\/www.hotelbernatcalella.com\/fr\/#\/schema\/person\/da11a0d0fe49c2dda080262160525dfe\"},\"description\":\"Le Maresme, c'est bien plus que des plages : c'est une combinaison unique de villages de p\u00eacheurs, de culture moderniste, de vignobles et de nature.\",\"breadcrumb\":{\"@id\":\"https:\/\/www.hotelbernatcalella.com\/fr\/alrededores-fr\/charmants-villages-pres-calella\/#breadcrumb\"},\"inLanguage\":\"fr-FR\",\"potentialAction\":[{\"@type\":\"ReadAction\",\"target\":[\"https:\/\/www.hotelbernatcalella.com\/fr\/alrededores-fr\/charmants-villages-pres-calella\/\"]}]},{\"@type\":\"ImageObject\",\"inLanguage\":\"fr-FR\",\"@id\":\"https:\/\/www.hotelbernatcalella.com\/fr\/alrededores-fr\/charmants-villages-pres-calella\/#primaryimage\",\"url\":\"https:\/\/www.hotelbernatcalella.com\/wp-content\/uploads\/2026\/04\/Pueblos-alrededores-Calella_Maresme.webp\",\"contentUrl\":\"https:\/\/www.hotelbernatcalella.com\/wp-content\/uploads\/2026\/04\/Pueblos-alrededores-Calella_Maresme.webp\",\"width\":2000,\"height\":1029,\"caption\":\"Charmants villages pr\u00e8s de Calella\"},{\"@type\":\"BreadcrumbList\",\"@id\":\"https:\/\/www.hotelbernatcalella.com\/fr\/alrededores-fr\/charmants-villages-pres-calella\/#breadcrumb\",\"itemListElement\":[{\"@type\":\"ListItem\",\"position\":1,\"name\":\"Portada\",\"item\":\"https:\/\/www.hotelbernatcalella.com\/fr\/\"},{\"@type\":\"ListItem\",\"position\":2,\"name\":\"Charmants villages pr\u00e8s de Calella\"}]},{\"@type\":\"WebSite\",\"@id\":\"https:\/\/www.hotelbernatcalella.com\/fr\/#website\",\"url\":\"https:\/\/www.hotelbernatcalella.com\/fr\/\",\"name\":\"Hotel Bernat II & Spa Calella\",\"description\":\"H\u00f4tel \u00e0 Calella\",\"alternateName\":\"Hotel Bernat II & Spa\",\"potentialAction\":[{\"@type\":\"SearchAction\",\"target\":{\"@type\":\"EntryPoint\",\"urlTemplate\":\"https:\/\/www.hotelbernatcalella.com\/fr\/?s={search_term_string}\"},\"query-input\":{\"@type\":\"PropertyValueSpecification\",\"valueRequired\":true,\"valueName\":\"search_term_string\"}}],\"inLanguage\":\"fr-FR\"},{\"@type\":\"Person\",\"@id\":\"https:\/\/www.hotelbernatcalella.com\/fr\/#\/schema\/person\/da11a0d0fe49c2dda080262160525dfe\",\"name\":\"tecnico_alojapro\",\"image\":{\"@type\":\"ImageObject\",\"inLanguage\":\"fr-FR\",\"@id\":\"https:\/\/www.hotelbernatcalella.com\/fr\/#\/schema\/person\/image\/\",\"url\":\"https:\/\/secure.gravatar.com\/avatar\/079759685620aa68486e2ba22c5d7d7b725f2fbe620d01ec66bd95d81b1301ba?s=96&d=mm&r=g\",\"contentUrl\":\"https:\/\/secure.gravatar.com\/avatar\/079759685620aa68486e2ba22c5d7d7b725f2fbe620d01ec66bd95d81b1301ba?s=96&d=mm&r=g\",\"caption\":\"tecnico_alojapro\"}}]}<\/script>\n<!-- \/ Yoast SEO plugin. -->","yoast_head_json":{"title":"Charmants villages pr\u00e8s de Calella | Hotel Bernat II","description":"Le Maresme, c'est bien plus que des plages : c'est une combinaison unique de villages de p\u00eacheurs, de culture moderniste, de vignobles et de nature.","robots":{"index":"index","follow":"follow","max-snippet":"max-snippet:-1","max-image-preview":"max-image-preview:large","max-video-preview":"max-video-preview:-1"},"canonical":"https:\/\/www.hotelbernatcalella.com\/fr\/alrededores-fr\/charmants-villages-pres-calella\/","og_locale":"fr_FR","og_type":"article","og_title":"Charmants villages pr\u00e8s de Calella | Hotel Bernat II","og_description":"Le Maresme, c'est bien plus que des plages : c'est une combinaison unique de villages de p\u00eacheurs, de culture moderniste, de vignobles et de nature.","og_url":"https:\/\/www.hotelbernatcalella.com\/fr\/alrededores-fr\/charmants-villages-pres-calella\/","og_site_name":"Hotel Bernat II","article_published_time":"2026-04-24T07:09:54+00:00","article_modified_time":"2026-04-24T07:09:58+00:00","og_image":[{"width":2000,"height":1029,"url":"https:\/\/hotelbernatcalella.com\/wp-content\/uploads\/2026\/04\/Pueblos-alrededores-Calella_Maresme.webp","type":"image\/webp"}],"author":"tecnico_alojapro","twitter_card":"summary_large_image","twitter_misc":{"\u00c9crit par":"tecnico_alojapro","Dur\u00e9e de lecture estim\u00e9e":"4 minutes"},"schema":{"@context":"https:\/\/schema.org","@graph":[{"@type":"Article","@id":"https:\/\/www.hotelbernatcalella.com\/fr\/alrededores-fr\/charmants-villages-pres-calella\/#article","isPartOf":{"@id":"https:\/\/www.hotelbernatcalella.com\/fr\/alrededores-fr\/charmants-villages-pres-calella\/"},"author":{"name":"tecnico_alojapro","@id":"https:\/\/www.hotelbernatcalella.com\/fr\/#\/schema\/person\/da11a0d0fe49c2dda080262160525dfe"},"headline":"Charmants villages pr\u00e8s de Calella","datePublished":"2026-04-24T07:09:54+00:00","dateModified":"2026-04-24T07:09:58+00:00","mainEntityOfPage":{"@id":"https:\/\/www.hotelbernatcalella.com\/fr\/alrededores-fr\/charmants-villages-pres-calella\/"},"wordCount":876,"image":{"@id":"https:\/\/www.hotelbernatcalella.com\/fr\/alrededores-fr\/charmants-villages-pres-calella\/#primaryimage"},"thumbnailUrl":"https:\/\/www.hotelbernatcalella.com\/wp-content\/uploads\/2026\/04\/Pueblos-alrededores-Calella_Maresme.webp","keywords":["Activitats","Couples","Culture","Fam\u00edlies","Que visiter aux alentours de Calella ?","Que voir dans le Maresme ?"],"articleSection":["Alentours"],"inLanguage":"fr-FR"},{"@type":"WebPage","@id":"https:\/\/www.hotelbernatcalella.com\/fr\/alrededores-fr\/charmants-villages-pres-calella\/","url":"https:\/\/www.hotelbernatcalella.com\/fr\/alrededores-fr\/charmants-villages-pres-calella\/","name":"Charmants villages pr\u00e8s de Calella | Hotel Bernat II","isPartOf":{"@id":"https:\/\/www.hotelbernatcalella.com\/fr\/#website"},"primaryImageOfPage":{"@id":"https:\/\/www.hotelbernatcalella.com\/fr\/alrededores-fr\/charmants-villages-pres-calella\/#primaryimage"},"image":{"@id":"https:\/\/www.hotelbernatcalella.com\/fr\/alrededores-fr\/charmants-villages-pres-calella\/#primaryimage"},"thumbnailUrl":"https:\/\/www.hotelbernatcalella.com\/wp-content\/uploads\/2026\/04\/Pueblos-alrededores-Calella_Maresme.webp","datePublished":"2026-04-24T07:09:54+00:00","dateModified":"2026-04-24T07:09:58+00:00","author":{"@id":"https:\/\/www.hotelbernatcalella.com\/fr\/#\/schema\/person\/da11a0d0fe49c2dda080262160525dfe"},"description":"Le Maresme, c'est bien plus que des plages : c'est une combinaison unique de villages de p\u00eacheurs, de culture moderniste, de vignobles et de nature.","breadcrumb":{"@id":"https:\/\/www.hotelbernatcalella.com\/fr\/alrededores-fr\/charmants-villages-pres-calella\/#breadcrumb"},"inLanguage":"fr-FR","potentialAction":[{"@type":"ReadAction","target":["https:\/\/www.hotelbernatcalella.com\/fr\/alrededores-fr\/charmants-villages-pres-calella\/"]}]},{"@type":"ImageObject","inLanguage":"fr-FR","@id":"https:\/\/www.hotelbernatcalella.com\/fr\/alrededores-fr\/charmants-villages-pres-calella\/#primaryimage","url":"https:\/\/www.hotelbernatcalella.com\/wp-content\/uploads\/2026\/04\/Pueblos-alrededores-Calella_Maresme.webp","contentUrl":"https:\/\/www.hotelbernatcalella.com\/wp-content\/uploads\/2026\/04\/Pueblos-alrededores-Calella_Maresme.webp","width":2000,"height":1029,"caption":"Charmants villages pr\u00e8s de Calella"},{"@type":"BreadcrumbList","@id":"https:\/\/www.hotelbernatcalella.com\/fr\/alrededores-fr\/charmants-villages-pres-calella\/#breadcrumb","itemListElement":[{"@type":"ListItem","position":1,"name":"Portada","item":"https:\/\/www.hotelbernatcalella.com\/fr\/"},{"@type":"ListItem","position":2,"name":"Charmants villages pr\u00e8s de Calella"}]},{"@type":"WebSite","@id":"https:\/\/www.hotelbernatcalella.com\/fr\/#website","url":"https:\/\/www.hotelbernatcalella.com\/fr\/","name":"Hotel Bernat II & Spa Calella","description":"H\u00f4tel \u00e0 Calella","alternateName":"Hotel Bernat II & Spa","potentialAction":[{"@type":"SearchAction","target":{"@type":"EntryPoint","urlTemplate":"https:\/\/www.hotelbernatcalella.com\/fr\/?s={search_term_string}"},"query-input":{"@type":"PropertyValueSpecification","valueRequired":true,"valueName":"search_term_string"}}],"inLanguage":"fr-FR"},{"@type":"Person","@id":"https:\/\/www.hotelbernatcalella.com\/fr\/#\/schema\/person\/da11a0d0fe49c2dda080262160525dfe","name":"tecnico_alojapro","image":{"@type":"ImageObject","inLanguage":"fr-FR","@id":"https:\/\/www.hotelbernatcalella.com\/fr\/#\/schema\/person\/image\/","url":"https:\/\/secure.gravatar.com\/avatar\/079759685620aa68486e2ba22c5d7d7b725f2fbe620d01ec66bd95d81b1301ba?s=96&d=mm&r=g","contentUrl":"https:\/\/secure.gravatar.com\/avatar\/079759685620aa68486e2ba22c5d7d7b725f2fbe620d01ec66bd95d81b1301ba?s=96&d=mm&r=g","caption":"tecnico_alojapro"}}]}},"loftoceanMetas":{"authorName":"tecnico_alojapro","categories":[{"name":"Alentours","link":"https:\/\/www.hotelbernatcalella.com\/fr\/category\/alrededores-fr\/","count":10}],"date":"24 de avril de 2026","featuredImageSRC":"https:\/\/www.hotelbernatcalella.com\/wp-content\/uploads\/2026\/04\/Pueblos-alrededores-Calella_Maresme-150x150.webp"},"_links":{"self":[{"href":"https:\/\/www.hotelbernatcalella.com\/fr\/wp-json\/wp\/v2\/posts\/20557","targetHints":{"allow":["GET"]}}],"collection":[{"href":"https:\/\/www.hotelbernatcalella.com\/fr\/wp-json\/wp\/v2\/posts"}],"about":[{"href":"https:\/\/www.hotelbernatcalella.com\/fr\/wp-json\/wp\/v2\/types\/post"}],"author":[{"embeddable":true,"href":"https:\/\/www.hotelbernatcalella.com\/fr\/wp-json\/wp\/v2\/users\/6"}],"replies":[{"embeddable":true,"href":"https:\/\/www.hotelbernatcalella.com\/fr\/wp-json\/wp\/v2\/comments?post=20557"}],"version-history":[{"count":1,"href":"https:\/\/www.hotelbernatcalella.com\/fr\/wp-json\/wp\/v2\/posts\/20557\/revisions"}],"predecessor-version":[{"id":20558,"href":"https:\/\/www.hotelbernatcalella.com\/fr\/wp-json\/wp\/v2\/posts\/20557\/revisions\/20558"}],"wp:featuredmedia":[{"embeddable":true,"href":"https:\/\/www.hotelbernatcalella.com\/fr\/wp-json\/wp\/v2\/media\/20556"}],"wp:attachment":[{"href":"https:\/\/www.hotelbernatcalella.com\/fr\/wp-json\/wp\/v2\/media?parent=20557"}],"wp:term":[{"taxonomy":"category","embeddable":true,"href":"https:\/\/www.hotelbernatcalella.com\/fr\/wp-json\/wp\/v2\/categories?post=20557"},{"taxonomy":"post_tag","embeddable":true,"href":"https:\/\/www.hotelbernatcalella.com\/fr\/wp-json\/wp\/v2\/tags?post=20557"}],"curies":[{"name":"wp","href":"https:\/\/api.w.org\/{rel}","templated":true}]}}