{"id":13065,"date":"2025-03-31T13:16:01","date_gmt":"2025-03-31T13:16:01","guid":{"rendered":"https:\/\/www.hotelbernatcalella.com\/no-category-fr\/abril-2025\/"},"modified":"2025-03-31T14:52:12","modified_gmt":"2025-03-31T14:52:12","slug":"agenda-mensuel-avril-2025-a-calella","status":"publish","type":"post","link":"https:\/\/www.hotelbernatcalella.com\/fr\/agenda-fr\/agenda-mensuel-avril-2025-a-calella\/","title":{"rendered":"Avril 2025"},"content":{"rendered":"\t\t<div data-elementor-type=\"wp-post\" data-elementor-id=\"13065\" class=\"elementor elementor-13065 elementor-13043\" data-elementor-post-type=\"post\">\n\t\t\t\t<div class=\"elementor-element elementor-element-036eec9 e-flex e-con-boxed e-con e-parent\" data-id=\"036eec9\" data-element_type=\"container\" data-e-type=\"container\">\n\t\t\t\t\t<div class=\"e-con-inner\">\n\t\t\t\t<div class=\"elementor-element elementor-element-6f427fb elementor-widget elementor-widget-text-editor\" data-id=\"6f427fb\" data-element_type=\"widget\" data-e-type=\"widget\" data-widget_type=\"text-editor.default\">\n\t\t\t\t\t\t\t\t\t<h1><strong><span style=\"color: #91ccd4;\">Agenda mensuel de Avril 2025 \u00e0 Calella<\/span><\/strong><\/h1><p><span style=\"font-weight: 400;\">Au mois d&rsquo;avril, Calella s&rsquo;anime avec la c\u00e9l\u00e9bration de la Semaine Sainte et la tr\u00e8s attendue f\u00eate de Sant Jordi. C&rsquo;est le moment id\u00e9al pour profiter du charme de cette ville c\u00f4ti\u00e8re du Maresme, o\u00f9 les processions, les traditions et l&rsquo;ambiance festive se conjuguent avec l&rsquo;arriv\u00e9e du beau temps. Fl\u00e2ner dans ses rues orn\u00e9es de roses et de livres, se d\u00e9tendre sur ses plages m\u00e9diterran\u00e9ennes et s&rsquo;immerger dans sa riche culture font d&rsquo;avril un mois sp\u00e9cial pour d\u00e9couvrir tout ce que Calella a \u00e0 offrir.<\/span><\/p><p><span style=\"font-weight: 400;\">Il <\/span><a href=\"https:\/\/www.hotelbernatcalella.com\/fr\"><span style=\"font-weight: 400;\">H\u00f4tel Bernat II<\/span><\/a><span style=\"font-weight: 400;\"> vous invite \u00e0 nous rendre visite en famille, en couple ou entre amis afin de d\u00e9couvrir la culture et les traditions de notre ville. Si vous souhaitez savoir comment se d\u00e9roule le mois d&rsquo;avril \u00e0 Calella, d\u00e9couvrez ici l&rsquo;agenda mensuel du mois, plein de spectacles, concerts, \u00e9v\u00e9nements sportifs et c\u00e9l\u00e9brations.<\/span><\/p><h2><span style=\"color: #a4adac;\"><strong><b>Programmation d&rsquo;avril 2025<\/b><\/strong><\/span><\/h2><ul><li style=\"font-weight: 400;\" aria-level=\"1\"><h3><strong>Lieux d&rsquo;int\u00e9r\u00eat:<\/strong><\/h3><\/li><\/ul><p><b>Mus\u00e9e du Tourisme<\/b><\/p><p><span style=\"font-weight: 400;\">Horaires : le samedi, \u00e0 partir de <\/span><b>17h00<\/b><span style=\"font-weight: 400;\"> un <\/span><b>20h00<\/b><span style=\"font-weight: 400;\">. Les dimanches et jours f\u00e9ri\u00e9s <\/span><b>11h00<\/b><span style=\"font-weight: 400;\"> un <\/span><b>18h00<\/b><span style=\"font-weight: 400;\">. Tarifs : visite normale 2 \u20ac. Visite r\u00e9duite 1 \u20ac. Le premier dimanche du mois, l&rsquo;entr\u00e9e est gratuite.<\/span><\/p><p><b>Salle d&rsquo;exposition de l&rsquo;ancien h\u00f4tel de ville<\/b><\/p><p><span style=\"font-weight: 400;\">Horaires : du lundi au vendredi. De <\/span><b>10h00<\/b><span style=\"font-weight: 400;\"> un <\/span><b>14h00<\/b><span style=\"font-weight: 400;\">. Du mardi au samedi de 17h00 \u00e0 20h00 \u00e0 20h00 Dimanches et jours f\u00e9ri\u00e9s de 11h00 \u00e0 14h00 Entr\u00e9e libre.<\/span><\/p><p><b>Centre d&rsquo;interpr\u00e9tation du phare de Calella<\/b><\/p><p><span style=\"font-weight: 400;\">Les samedis, dimanches et jours f\u00e9ri\u00e9s <\/span><b>10h00 <\/b><span style=\"font-weight: 400;\">un<\/span><b> 14h00<\/b><span style=\"font-weight: 400;\">. Tarifs : visite normale 2 \u20ac. Visite r\u00e9duite 1 \u20ac. Le premier dimanche du mois, l&rsquo;entr\u00e9e est gratuite.<\/span><\/p><p><b>Abri anti-a\u00e9rien du parc Dalmau. Parc Dalmau (espace balan\u00e7oires).<\/b><\/p><p><span style=\"font-weight: 400;\">Les samedis, dimanches et jours f\u00e9ri\u00e9s <\/span><b>10h00 <\/b><span style=\"font-weight: 400;\">un<\/span><b> 14h00<\/b><span style=\"font-weight: 400;\">. Tarifs : visite normale 1 \u20ac. Visite r\u00e9duite 0,5 \u20ac. Le premier dimanche du mois, l&rsquo;entr\u00e9e est gratuite.<\/span><\/p><p><b>Chapelle de Sant Quirze et Santa Julita (Calle de Francesc Bartrina, 18)<\/b><\/p><p><span style=\"font-weight: 400;\">Horaires : du mardi au samedi <\/span><b>17h00 <\/b><span style=\"font-weight: 400;\">un<\/span><b> 20h00<\/b><span style=\"font-weight: 400;\">. les dimanches et jours f\u00e9ri\u00e9s, <\/span><b>11h00 <\/b><span style=\"font-weight: 400;\">un<\/span><b> 14h00<\/b><span style=\"font-weight: 400;\">.<\/span><\/p><p><span style=\"font-weight: 400;\">Visites guid\u00e9es pour groupes en catalan, espagnol, anglais et fran\u00e7ais, pour plus d&rsquo;informations et r\u00e9servations il est n\u00e9cessaire d&rsquo;envoyer un email \u00e0 <\/span><a href=\"mailto:fernandezcl@calella.cat\"><span style=\"font-weight: 400;\">fernandezcl@calella.cat<\/span><\/a><span style=\"font-weight: 400;\">.<\/span><\/p><p><b>Biblioth\u00e8que municipale Can Salvador de la Plaza<\/b><\/p><p><span style=\"font-weight: 400;\">Du 8 avril au 30 mai : Exposition solidaire pour la Fondation Miquel Valls pour la lutte contre la SLA Acc\u00e8s libre. Horaires du lundi et du mercredi <\/span><b>15h30<\/b><span style=\"font-weight: 400;\"> un <\/span><b>20h00<\/b><span style=\"font-weight: 400;\">. mardi et jeudi de <\/span><b>10h30<\/b><span style=\"font-weight: 400;\"> un <\/span><b>13h00 <\/b><span style=\"font-weight: 400;\">et de <\/span><b>15h30<\/b><span style=\"font-weight: 400;\"> un <\/span><b>20h00<\/b><span style=\"font-weight: 400;\">. Le samedi de 10h00 \u00e0 13h30.<\/span><\/p><p>\u00a0<\/p><ul><li style=\"font-weight: 400;\" aria-level=\"1\"><h3><strong>Activit\u00e9s:<\/strong><\/h3><\/li><\/ul><p><span style=\"font-weight: 400;\">Lundi 7, 14 et 28 <\/span><b>09h30 <\/b><span style=\"font-weight: 400;\">un <\/span><b>11h00<\/b><span style=\"font-weight: 400;\">, au parc Dalmau : Taichi. Organis\u00e9 par : Association Calella-Marxa. Pour plus d&rsquo;informations, appelez : 655 81 20 07.<\/span><\/p><p><span style=\"font-weight: 400;\">Tous les mardis, jeudis et samedis \u00e0 <\/span><b>07h30<\/b><span style=\"font-weight: 400;\">, depuis le terrain de football de Mar : itin\u00e9raires autour de Calella. Organis\u00e9 par : Association Calella-Marxa. Pour plus d&rsquo;informations, appelez : 655 81 20 07.<\/span><\/p><p><b>FESTIMATGE 20\u00e8me \u00e9dition Festimatge<\/b><span style=\"font-weight: 400;\"> &#8211; Festival d&rsquo;images de Calella :<\/span><\/p><p><span style=\"font-weight: 400;\">Photo-film Calella &#8211; Salle polyvalente de l&rsquo;usine Llobet Guri : Du 5 avril au 4 mai : expositions de photographies du Festimatge 2025. Acc\u00e8s gratuit. Du mardi au vendredi de 17h00 \u00e0 19h00 \u00e0 21h30 Samedi, dimanche et jours f\u00e9ri\u00e9s de 11h00 \u00e0 14h00 et \u00e0 partir de 17h00 \u00e0 21h30 Inauguration \u00e0 l&rsquo;Usine du Llobet, dimanche 6, \u00e0 11h00.<\/span><\/p><p><span style=\"font-weight: 400;\">Visites guid\u00e9es des expositions de photographie : dimanche 6 \u00e0 18h et un dimanche sur deux \u00e0 12h et 18h, \u00e0 la F\u00e1brica Llobet et Guri. R\u00e9servations t\u00e9l. 646 653 502. Projection des courts m\u00e9trages du 31\u00e8me Troph\u00e9e Torretes. Les 10, 11, 17, 18, 24 et 25 avril \u00e0 20h30, dans la Salle Mozart. Plus d&rsquo;informations sur <\/span><a href=\"https:\/\/www.festimatge.org\"><span style=\"font-weight: 400;\">www.festimatge.org<\/span><\/a><span style=\"font-weight: 400;\">.<\/span><\/p><p>\u00a0<\/p><p><b>SAMEDI 5 AVRIL<\/b><\/p><p><b>10h00 \u2013 20h00<\/b><span style=\"font-weight: 400;\">, sur la Plaza de la Iglesia, Mercado Solidario. 20h45, Place de la Mairie, Videomapping, 20 ans du Festival Festimatge.<\/span><\/p><p><b>21h00<\/b><span style=\"font-weight: 400;\">, dans la Salle Mozart, SC\u00c8NE CALELLA \u2013 Spectacle de magie : \u00ab Strafalari \u00bb avec Mag Lari. Vente de billets \u00e0 <\/span><a href=\"https:\/\/www.entrapolis.com\"><span style=\"font-weight: 400;\">www.entrapolis.com<\/span><\/a><span style=\"font-weight: 400;\">.<\/span><\/p><p><b>DIMANCHE 6 AVRIL<\/b><\/p><p><b>10h00 \u2013 14h00<\/b><span style=\"font-weight: 400;\">, sur le Paseo Manuel Puigvert, Rencontres d&rsquo;\u00e9change et de collecte.<\/span><\/p><p><b>VENDREDI 11 AVRIL<\/b><\/p><p><b>09h00 &#8211; 12h30<\/b><span style=\"font-weight: 400;\">, dans le parc Dalmau, Festival de danse des enfants de l&rsquo;\u00e9cole La Minerva, danses traditionnelles catalanes pour accueillir le printemps.<\/span><\/p><p><b>SAMEDI 12 AVRIL<\/b><\/p><p><b>09h00<\/b><span style=\"font-weight: 400;\">, au pavillon de basket-ball du parc Dalmau, Skating Open.<\/span><\/p><p><b>10h00 \u2013 14h00<\/b><span style=\"font-weight: 400;\">, dans les locaux sociaux Foto-Film Calella de l&rsquo;usine Llobet-Guri (2\u00e8me \u00e9tage). Atelier : \u00ab\u00a0Histoires secondaires\u00a0\u00bb, par David Salcedo.<\/span><\/p><p><b>11h00<\/b><span style=\"font-weight: 400;\">, sur la place du march\u00e9, Atelier pour les enfants.<\/span><\/p><p><b>DIMANCHE 13 AVRIL<\/b><\/p><p><b>10h00<\/b><span style=\"font-weight: 400;\">, sur le Paseo Manuel Puigvert, Journ\u00e9e du Club de Basket de Calella.<\/span><\/p><p><b>11h00<\/b><span style=\"font-weight: 400;\">, Place de l&rsquo;\u00c9glise. D\u00e9part de la procession du \u00ab Burret \u00bb par le grand portail de l&rsquo;\u00c9glise. A 12h00, dimanche des Rameaux, b\u00e9n\u00e9diction des palmiers et des branches.<\/span><\/p><p><b>VENDREDI 18 AVRIL<\/b><\/p><p><b>09h00<\/b><span style=\"font-weight: 400;\">, au Pavillon du Parc Dalmau, Tournoi de Handball. Organis\u00e9 par : UEHC.<\/span><\/p><p><b>10h00<\/b><span style=\"font-weight: 400;\">, sur la Plaza de la Iglesia, Via Crucis commen\u00e7ant au portail Sant Pere.<\/span><\/p><p><b>11h00 \u00e0 19h00<\/b><span style=\"font-weight: 400;\">, sur la Plaza Espanya, 32e Bu\u00f1olada populaire.<\/span><\/p><p><b>18h00<\/b><span style=\"font-weight: 400;\">, dans l&rsquo;\u00e9glise de Santa Maria et San Nicol\u00e1s, service du Vendredi Saint.<\/span><\/p><p><b>19h15<\/b><span style=\"font-weight: 400;\">, dans la Chapelle de Sant Quirze et Santa Julita, concert de la Semaine Sainte, par le Ch\u0153ur Laetare. Entr\u00e9e gratuite. Billetterie invers\u00e9e.<\/span><\/p><p><b>19h45<\/b><span style=\"font-weight: 400;\">, depuis la Place de l&rsquo;\u00c9glise, D\u00e9part des Armats de la Confr\u00e9rie de la Semaine Sainte avec un itin\u00e9raire depuis la Place de l&rsquo;\u00c9glise, en passant par les rues Esgl\u00e9sia, Sant Josep, Jovara, Bartrina, la Plaza Ayuntamiento et Bisbe Sivilla jusqu&rsquo;\u00e0 l&rsquo;\u00c9glise.<\/span><\/p><p><b>20h30<\/b><span style=\"font-weight: 400;\">, depuis le grand portail de l&rsquo;\u00c9glise : Procession de Lumi\u00e8re et de Silence, avec l&rsquo;image de la Vierge des Douleurs. Par les rues Roman\u00ed, Esgl\u00e9sia, Batlle, Jovara, Escoles Pies, Plaza del Ayuntamiento et Bisbe Sivilla jusqu&rsquo;\u00e0 l&rsquo;\u00e9glise.<\/span><\/p><p><b>SAMEDI 19 AVRIL<\/b><\/p><p><b>09h00<\/b><span style=\"font-weight: 400;\">, au Pavillon du Parc Dalmau, Tournoi de Handball. Organis\u00e9 par : UEHC.<\/span><\/p><p><b>10h00 \u2013 18h00<\/b><span style=\"font-weight: 400;\">, sur le r\u00e9seau social local de Foto-Film Calella dans l&rsquo;usine Llobet-Guri (2\u00e8me \u00e9tage), Taller : \u00ab IA + FOTOGRAF = FOTOGRAFIA2 \u00bb.<\/span><\/p><p><b>22h00<\/b><span style=\"font-weight: 400;\">, dans l&rsquo;\u00e9glise Sainte-Marie-et-Saint-Nicolas, veill\u00e9e pascale.<\/span><\/p><p><b>DIMANCHE 20 AVRIL<\/b><\/p><p><b>09h00<\/b><span style=\"font-weight: 400;\">, au Pavillon du Parc Dalmau, Tournoi de Handball. Organis\u00e9 par : UEHC.<\/span><\/p><p><b>12h00<\/b><span style=\"font-weight: 400;\">, sur la place de la Mairie : Audition de sardanes avec la Cobla La Principal del Llobregat.<\/span><\/p><p><b>13h00<\/b><span style=\"font-weight: 400;\">, Paroisse de Santa Mar\u00eda et San Nicol\u00e1s : procession avec l&rsquo;image de la Vierge Joiosa et de l&rsquo;Ange, par les rues Bisbe Sivilla jusqu&rsquo;\u00e0 la Plaza del Ayuntamiento et \u00e0 la <\/span><b>13h15<\/b><span style=\"font-weight: 400;\">, depuis le balcon de l&rsquo;H\u00f4tel de Ville, Canto del \u00c1ngel avec la voix de Carla Verdura.<\/span><\/p><p><b>MERCREDI 23 AVRIL (SANT JORDI)<\/b><\/p><p><b>09h00 \u00e0 20h00<\/b><span style=\"font-weight: 400;\">, Place de l&rsquo;\u00c9glise et de la Mairie : Foire du livre et de la rose de Sant Jordi.<\/span><\/p><p><b>JEUDI 24 AVRIL<\/b><\/p><p><b>17h30<\/b><span style=\"font-weight: 400;\">, \u00e0 l&rsquo;usine Llobet-Guri, F\u00eate Sant Jordi pour les personnes \u00e2g\u00e9es et les<\/span><b> 18h00<\/b><span style=\"font-weight: 400;\">, Sant Jordi danse avec musique live.<\/span><\/p><p><b>VENDREDI 25 AVRIL<\/b><\/p><p><b>17h30<\/b><span style=\"font-weight: 400;\">, dans l&rsquo;\u00e9glise de Santa Mar\u00eda et San Nicol\u00e1s, Concert du Festival Choral International de Catalogne. Organiser paroisse de Calella.<\/span><\/p><p><b>18h00<\/b><span style=\"font-weight: 400;\">, rue Esgl\u00e9sia, microdanses pour la Journ\u00e9e Internationale de la Danse.<\/span><\/p><p><b>18h45<\/b><span style=\"font-weight: 400;\">, dans la rue au coin de l&rsquo;\u00e9glise avec Sant Josep, microdance salsa d&rsquo;Ivonne Cabu.<\/span><\/p><p><span style=\"font-weight: 400;\">\u00c0 <\/span><b>19h30<\/b><span style=\"font-weight: 400;\">, au coin de la rue Esgl\u00e9sia avec Cervantes, spectacle de microdanse avec danses urbaines \u00ab Corroloco \u00bb.<\/span><\/p><p><b>SAMEDI 26 AVRIL<\/b><\/p><p><b>10h00 &#8211; 14h00<\/b><span style=\"font-weight: 400;\">, Photo-Film Calella \u00e0 l&rsquo;Usine Llobet i Guri (2\u00e8me \u00e9tage), Atelier : \u00ab\u00a0La vision de la rue\u00a0\u00bb.<\/span><\/p><p><b>12h00<\/b><span style=\"font-weight: 400;\">, sur la Plaza del Ayuntamiento, atelier de salsa anim\u00e9 par Yvonne Cabu. A l&rsquo;occasion de la Journ\u00e9e Internationale de la Danse 2025. En cas de pluie, elle aura lieu dans la Salle Polyvalente de l&rsquo;Usine Llobet-Guri. Organis\u00e9 par : Association 3 al Cub. Pour plus d&rsquo;informations sur Instagram : @3alcub.dansa<\/span><\/p><p><b>17h30<\/b><span style=\"font-weight: 400;\">, sur la Plaza del Ayuntamiento, atelier Tap et rythmes d&rsquo;Ivan Bouchain. A l&rsquo;occasion de la Journ\u00e9e Internationale de la Danse 2025. En cas de pluie, elle aura lieu dans la Salle Polyvalente de l&rsquo;Usine Llobet-Guri. Organis\u00e9 par : Association 3 al Cub. Pour plus d&rsquo;informations sur Instagram @3alcub.dansa.<\/span><\/p><p><b>19h00<\/b><span style=\"font-weight: 400;\">, au Th\u00e9\u00e2tre Orfe\u00f3, Gala \u00ab\u00a020 ans de Festimatge\u00a0\u00bb.<\/span><\/p><p><b>20h15<\/b><span style=\"font-weight: 400;\">, dans la Salle Mozart, Grand Gala de Danse pour DID&rsquo;25 (Journ\u00e9e Internationale de la Danse). Vente \u00e0 l&rsquo;avance des billets sur entrapolis.com au tarif de 5 \u20ac entr\u00e9e g\u00e9n\u00e9rale et 4 \u20ac pour les membres du Club Escena Calella, les retrait\u00e9s et les jeunes jusqu&rsquo;\u00e0 29 ans. Organis\u00e9 par : Association 3 al Cub. Pour plus d&rsquo;informations sur Instagram @3alcub.dansa.<\/span><\/p><p><b>DIMANCHE 27 AVRIL<\/b><\/p><p><b>10h00 \u2013 14h00<\/b><span style=\"font-weight: 400;\">, \u00e0 l&rsquo;usine Llobet i Guri, march\u00e9 ou bourse de collectionneurs de photographie.<\/span><\/p><p><b>11h00<\/b><span style=\"font-weight: 400;\">, sur la Plaza del Ayuntamiento, atelier de danse urbaine anim\u00e9 par Jessica Guerrero. A l&rsquo;occasion de la Journ\u00e9e Internationale de la Danse 2025. En cas de pluie, elle aura lieu dans la Salle Polyvalente de l&rsquo;Usine Llobet-Guri. Pour plus d&rsquo;informations sur Instagram @3alcub.dansa.<\/span><\/p><p><b>12h15<\/b><span style=\"font-weight: 400;\">, sur la Plaza del Ayuntamiento, Gala de Danse Matinale DID&rsquo;25. En cas de pluie, l&rsquo;\u00e9v\u00e9nement aura lieu dans la Salle Polyvalente de l&rsquo;Usine Llobet-Guri. Organis\u00e9 par : Association 3 al Cub. Pour plus d&rsquo;informations sur Instagram @3alcub.dansa.<\/span><\/p><p><b>18h00<\/b><span style=\"font-weight: 400;\">, \u00e0 l&rsquo;\u00e9glise Sainte-Marie-et-Saint-Nicolas, concert de la Chorale irlandaise Danny Rae Mathias.<\/span><\/p><p><b>MARDI 29 AVRIL<\/b><\/p><p><b>18h00<\/b><span style=\"font-weight: 400;\">, sur la Plaza del Ayuntamiento, atelier de barre de ballet. A l&rsquo;occasion de la Journ\u00e9e Internationale de la Danse 2025. En cas de pluie, elle aura lieu dans la Salle Polyvalente de l&rsquo;Usine Llobet-Guri. Organis\u00e9 par : Association 3 al Cub. Pour plus d&rsquo;informations Instagram \u00e0 @3alcub.dansa.<\/span><\/p>\t\t\t\t\t\t\t\t<\/div>\n\t\t\t\t\t<\/div>\n\t\t\t\t<\/div>\n\t\t\t\t<\/div>\n\t\t","protected":false},"excerpt":{"rendered":"<p>Agenda mensuel de Avril 2025 \u00e0 Calella Au mois d&rsquo;avril, Calella s&rsquo;anime avec la c\u00e9l\u00e9bration de la Semaine Sainte et la tr\u00e8s attendue f\u00eate de Sant Jordi. C&rsquo;est le moment id\u00e9al pour profiter du charme de cette ville c\u00f4ti\u00e8re du Maresme, o\u00f9 les processions, les traditions et l&rsquo;ambiance festive se conjuguent avec l&rsquo;arriv\u00e9e du beau &#8230;<\/p>\n","protected":false},"author":1,"featured_media":15297,"comment_status":"closed","ping_status":"closed","sticky":false,"template":"","format":"standard","meta":{"loftocean_post_format_gallery":"","loftocean_post_format_gallery_ids":"","loftocean_post_format_gallery_urls":"","loftocean_post_format_video_id":0,"loftocean_post_format_video_url":"","loftocean_post_format_video_type":"","loftocean_post_format_video":"","loftocean_post_format_audio_type":"","loftocean_post_format_audio_url":"","loftocean_post_format_audio_id":0,"loftocean_post_format_audio":"","loftocean-like-count":0,"cozystay_single_post_hide_site_header":"","cozystay_single_post_site_header_source":"","cozystay_single_post_custom_site_header":"0","cozystay_single_post_custom_sticky_site_header":"0","cozystay_single_post_hide_page_title":"","cozystay_single_post_site_footer_hide_main":"","cozystay_single_custom_site_footer_main_source":"","cozystay_single_custom_site_footer_main":"0","cozystay_single_post_site_footer_hide_above":"","cozystay_single_custom_site_footer_above_source":"","cozystay_single_custom_site_footer_above":"0","cozystay_single_post_site_footer_hide_instagram":"","cozystay_single_post_site_footer_hide_bottom":"","cozystay_single_custom_mobile_menu_source":"","cozystay_single_custom_mobile_menu":"0","cozystay_single_custom_mobile_menu_animation":"","cozystay_single_custom_mobile_menu_width":"","cozystay_single_custom_mobile_menu_custom_width":375,"cozystay_single_post_template":"","footnotes":""},"categories":[448],"tags":[567],"class_list":["post-13065","post","type-post","status-publish","format-standard","has-post-thumbnail","hentry","category-agenda-fr","tag-agenda-mensuel"],"yoast_head":"<!-- This site is optimized with the Yoast SEO plugin v27.1.1 - https:\/\/yoast.com\/product\/yoast-seo-wordpress\/ -->\n<title>Avril 2025 | Hotel Bernat II<\/title>\n<meta name=\"description\" content=\"D\u00e9couvrez ici l&#039;agenda mensuel du mois de Avril, plein de spectacles, concerts, \u00e9v\u00e9nements sportifs et c\u00e9l\u00e9brations.\" \/>\n<meta name=\"robots\" content=\"index, follow, max-snippet:-1, max-image-preview:large, max-video-preview:-1\" \/>\n<link rel=\"canonical\" href=\"https:\/\/www.hotelbernatcalella.com\/fr\/agenda-fr\/agenda-mensuel-avril-2025-a-calella\/\" \/>\n<meta property=\"og:locale\" content=\"fr_FR\" \/>\n<meta property=\"og:type\" content=\"article\" \/>\n<meta property=\"og:title\" content=\"Avril 2025 | Hotel Bernat II\" \/>\n<meta property=\"og:description\" content=\"D\u00e9couvrez ici l&#039;agenda mensuel du mois de Avril, plein de spectacles, concerts, \u00e9v\u00e9nements sportifs et c\u00e9l\u00e9brations.\" \/>\n<meta property=\"og:url\" content=\"https:\/\/www.hotelbernatcalella.com\/fr\/agenda-fr\/agenda-mensuel-avril-2025-a-calella\/\" \/>\n<meta property=\"og:site_name\" content=\"Hotel Bernat II\" \/>\n<meta property=\"article:published_time\" content=\"2025-03-31T13:16:01+00:00\" \/>\n<meta property=\"article:modified_time\" content=\"2025-03-31T14:52:12+00:00\" \/>\n<meta property=\"og:image\" content=\"https:\/\/hotelbernatcalella.com\/wp-content\/uploads\/2025\/03\/torretas-calella-barcelona.webp\" \/>\n\t<meta property=\"og:image:width\" content=\"1080\" \/>\n\t<meta property=\"og:image:height\" content=\"1080\" \/>\n\t<meta property=\"og:image:type\" content=\"image\/webp\" \/>\n<meta name=\"author\" content=\"admin_bernat\" \/>\n<meta name=\"twitter:card\" content=\"summary_large_image\" \/>\n<meta name=\"twitter:label1\" content=\"\u00c9crit par\" \/>\n\t<meta name=\"twitter:data1\" content=\"admin_bernat\" \/>\n\t<meta name=\"twitter:label2\" content=\"Dur\u00e9e de lecture estim\u00e9e\" \/>\n\t<meta name=\"twitter:data2\" content=\"7 minutes\" \/>\n<script type=\"application\/ld+json\" class=\"yoast-schema-graph\">{\"@context\":\"https:\/\/schema.org\",\"@graph\":[{\"@type\":\"Article\",\"@id\":\"https:\/\/www.hotelbernatcalella.com\/fr\/agenda-fr\/agenda-mensuel-avril-2025-a-calella\/#article\",\"isPartOf\":{\"@id\":\"https:\/\/www.hotelbernatcalella.com\/fr\/agenda-fr\/agenda-mensuel-avril-2025-a-calella\/\"},\"author\":{\"name\":\"admin_bernat\",\"@id\":\"https:\/\/hotelbernatcalella.com\/en\/#\/schema\/person\/9d2f8f220d7bb3470c6b37263c1f3a6e\"},\"headline\":\"Avril 2025\",\"datePublished\":\"2025-03-31T13:16:01+00:00\",\"dateModified\":\"2025-03-31T14:52:12+00:00\",\"mainEntityOfPage\":{\"@id\":\"https:\/\/www.hotelbernatcalella.com\/fr\/agenda-fr\/agenda-mensuel-avril-2025-a-calella\/\"},\"wordCount\":1561,\"image\":{\"@id\":\"https:\/\/www.hotelbernatcalella.com\/fr\/agenda-fr\/agenda-mensuel-avril-2025-a-calella\/#primaryimage\"},\"thumbnailUrl\":\"https:\/\/www.hotelbernatcalella.com\/wp-content\/uploads\/2025\/03\/torretas-calella-barcelona.webp\",\"keywords\":[\"Agenda mensuel\"],\"articleSection\":[\"Agenda Mensuel\"],\"inLanguage\":\"fr-FR\"},{\"@type\":\"WebPage\",\"@id\":\"https:\/\/www.hotelbernatcalella.com\/fr\/agenda-fr\/agenda-mensuel-avril-2025-a-calella\/\",\"url\":\"https:\/\/www.hotelbernatcalella.com\/fr\/agenda-fr\/agenda-mensuel-avril-2025-a-calella\/\",\"name\":\"Avril 2025 | Hotel Bernat II\",\"isPartOf\":{\"@id\":\"https:\/\/hotelbernatcalella.com\/en\/#website\"},\"primaryImageOfPage\":{\"@id\":\"https:\/\/www.hotelbernatcalella.com\/fr\/agenda-fr\/agenda-mensuel-avril-2025-a-calella\/#primaryimage\"},\"image\":{\"@id\":\"https:\/\/www.hotelbernatcalella.com\/fr\/agenda-fr\/agenda-mensuel-avril-2025-a-calella\/#primaryimage\"},\"thumbnailUrl\":\"https:\/\/www.hotelbernatcalella.com\/wp-content\/uploads\/2025\/03\/torretas-calella-barcelona.webp\",\"datePublished\":\"2025-03-31T13:16:01+00:00\",\"dateModified\":\"2025-03-31T14:52:12+00:00\",\"author\":{\"@id\":\"https:\/\/hotelbernatcalella.com\/en\/#\/schema\/person\/9d2f8f220d7bb3470c6b37263c1f3a6e\"},\"description\":\"D\u00e9couvrez ici l'agenda mensuel du mois de Avril, plein de spectacles, concerts, \u00e9v\u00e9nements sportifs et c\u00e9l\u00e9brations.\",\"breadcrumb\":{\"@id\":\"https:\/\/www.hotelbernatcalella.com\/fr\/agenda-fr\/agenda-mensuel-avril-2025-a-calella\/#breadcrumb\"},\"inLanguage\":\"fr-FR\",\"potentialAction\":[{\"@type\":\"ReadAction\",\"target\":[\"https:\/\/www.hotelbernatcalella.com\/fr\/agenda-fr\/agenda-mensuel-avril-2025-a-calella\/\"]}]},{\"@type\":\"ImageObject\",\"inLanguage\":\"fr-FR\",\"@id\":\"https:\/\/www.hotelbernatcalella.com\/fr\/agenda-fr\/agenda-mensuel-avril-2025-a-calella\/#primaryimage\",\"url\":\"https:\/\/www.hotelbernatcalella.com\/wp-content\/uploads\/2025\/03\/torretas-calella-barcelona.webp\",\"contentUrl\":\"https:\/\/www.hotelbernatcalella.com\/wp-content\/uploads\/2025\/03\/torretas-calella-barcelona.webp\",\"width\":1080,\"height\":1080,\"caption\":\"torretas-calella-barcelona\"},{\"@type\":\"BreadcrumbList\",\"@id\":\"https:\/\/www.hotelbernatcalella.com\/fr\/agenda-fr\/agenda-mensuel-avril-2025-a-calella\/#breadcrumb\",\"itemListElement\":[{\"@type\":\"ListItem\",\"position\":1,\"name\":\"Portada\",\"item\":\"https:\/\/hotelbernatcalella.com\/fr\/\"},{\"@type\":\"ListItem\",\"position\":2,\"name\":\"Avril 2025\"}]},{\"@type\":\"WebSite\",\"@id\":\"https:\/\/hotelbernatcalella.com\/en\/#website\",\"url\":\"https:\/\/hotelbernatcalella.com\/en\/\",\"name\":\"Hotel Bernat II & Spa Calella\",\"description\":\"H\u00f4tel \u00e0 Calella\",\"alternateName\":\"Hotel Bernat II & Spa\",\"potentialAction\":[{\"@type\":\"SearchAction\",\"target\":{\"@type\":\"EntryPoint\",\"urlTemplate\":\"https:\/\/hotelbernatcalella.com\/en\/?s={search_term_string}\"},\"query-input\":{\"@type\":\"PropertyValueSpecification\",\"valueRequired\":true,\"valueName\":\"search_term_string\"}}],\"inLanguage\":\"fr-FR\"},{\"@type\":\"Person\",\"@id\":\"https:\/\/hotelbernatcalella.com\/en\/#\/schema\/person\/9d2f8f220d7bb3470c6b37263c1f3a6e\",\"name\":\"admin_bernat\",\"image\":{\"@type\":\"ImageObject\",\"inLanguage\":\"fr-FR\",\"@id\":\"https:\/\/hotelbernatcalella.com\/en\/#\/schema\/person\/image\/\",\"url\":\"https:\/\/secure.gravatar.com\/avatar\/d85a368a0264070f0a07504f04fe3de78e2fedb7d0b7a9e875b30b569151e37e?s=96&d=mm&r=g\",\"contentUrl\":\"https:\/\/secure.gravatar.com\/avatar\/d85a368a0264070f0a07504f04fe3de78e2fedb7d0b7a9e875b30b569151e37e?s=96&d=mm&r=g\",\"caption\":\"admin_bernat\"},\"sameAs\":[\"https:\/\/hotelbernatcalella.com\"]}]}<\/script>\n<!-- \/ Yoast SEO plugin. -->","yoast_head_json":{"title":"Avril 2025 | Hotel Bernat II","description":"D\u00e9couvrez ici l'agenda mensuel du mois de Avril, plein de spectacles, concerts, \u00e9v\u00e9nements sportifs et c\u00e9l\u00e9brations.","robots":{"index":"index","follow":"follow","max-snippet":"max-snippet:-1","max-image-preview":"max-image-preview:large","max-video-preview":"max-video-preview:-1"},"canonical":"https:\/\/www.hotelbernatcalella.com\/fr\/agenda-fr\/agenda-mensuel-avril-2025-a-calella\/","og_locale":"fr_FR","og_type":"article","og_title":"Avril 2025 | Hotel Bernat II","og_description":"D\u00e9couvrez ici l'agenda mensuel du mois de Avril, plein de spectacles, concerts, \u00e9v\u00e9nements sportifs et c\u00e9l\u00e9brations.","og_url":"https:\/\/www.hotelbernatcalella.com\/fr\/agenda-fr\/agenda-mensuel-avril-2025-a-calella\/","og_site_name":"Hotel Bernat II","article_published_time":"2025-03-31T13:16:01+00:00","article_modified_time":"2025-03-31T14:52:12+00:00","og_image":[{"width":1080,"height":1080,"url":"https:\/\/hotelbernatcalella.com\/wp-content\/uploads\/2025\/03\/torretas-calella-barcelona.webp","type":"image\/webp"}],"author":"admin_bernat","twitter_card":"summary_large_image","twitter_misc":{"\u00c9crit par":"admin_bernat","Dur\u00e9e de lecture estim\u00e9e":"7 minutes"},"schema":{"@context":"https:\/\/schema.org","@graph":[{"@type":"Article","@id":"https:\/\/www.hotelbernatcalella.com\/fr\/agenda-fr\/agenda-mensuel-avril-2025-a-calella\/#article","isPartOf":{"@id":"https:\/\/www.hotelbernatcalella.com\/fr\/agenda-fr\/agenda-mensuel-avril-2025-a-calella\/"},"author":{"name":"admin_bernat","@id":"https:\/\/hotelbernatcalella.com\/en\/#\/schema\/person\/9d2f8f220d7bb3470c6b37263c1f3a6e"},"headline":"Avril 2025","datePublished":"2025-03-31T13:16:01+00:00","dateModified":"2025-03-31T14:52:12+00:00","mainEntityOfPage":{"@id":"https:\/\/www.hotelbernatcalella.com\/fr\/agenda-fr\/agenda-mensuel-avril-2025-a-calella\/"},"wordCount":1561,"image":{"@id":"https:\/\/www.hotelbernatcalella.com\/fr\/agenda-fr\/agenda-mensuel-avril-2025-a-calella\/#primaryimage"},"thumbnailUrl":"https:\/\/www.hotelbernatcalella.com\/wp-content\/uploads\/2025\/03\/torretas-calella-barcelona.webp","keywords":["Agenda mensuel"],"articleSection":["Agenda Mensuel"],"inLanguage":"fr-FR"},{"@type":"WebPage","@id":"https:\/\/www.hotelbernatcalella.com\/fr\/agenda-fr\/agenda-mensuel-avril-2025-a-calella\/","url":"https:\/\/www.hotelbernatcalella.com\/fr\/agenda-fr\/agenda-mensuel-avril-2025-a-calella\/","name":"Avril 2025 | Hotel Bernat II","isPartOf":{"@id":"https:\/\/hotelbernatcalella.com\/en\/#website"},"primaryImageOfPage":{"@id":"https:\/\/www.hotelbernatcalella.com\/fr\/agenda-fr\/agenda-mensuel-avril-2025-a-calella\/#primaryimage"},"image":{"@id":"https:\/\/www.hotelbernatcalella.com\/fr\/agenda-fr\/agenda-mensuel-avril-2025-a-calella\/#primaryimage"},"thumbnailUrl":"https:\/\/www.hotelbernatcalella.com\/wp-content\/uploads\/2025\/03\/torretas-calella-barcelona.webp","datePublished":"2025-03-31T13:16:01+00:00","dateModified":"2025-03-31T14:52:12+00:00","author":{"@id":"https:\/\/hotelbernatcalella.com\/en\/#\/schema\/person\/9d2f8f220d7bb3470c6b37263c1f3a6e"},"description":"D\u00e9couvrez ici l'agenda mensuel du mois de Avril, plein de spectacles, concerts, \u00e9v\u00e9nements sportifs et c\u00e9l\u00e9brations.","breadcrumb":{"@id":"https:\/\/www.hotelbernatcalella.com\/fr\/agenda-fr\/agenda-mensuel-avril-2025-a-calella\/#breadcrumb"},"inLanguage":"fr-FR","potentialAction":[{"@type":"ReadAction","target":["https:\/\/www.hotelbernatcalella.com\/fr\/agenda-fr\/agenda-mensuel-avril-2025-a-calella\/"]}]},{"@type":"ImageObject","inLanguage":"fr-FR","@id":"https:\/\/www.hotelbernatcalella.com\/fr\/agenda-fr\/agenda-mensuel-avril-2025-a-calella\/#primaryimage","url":"https:\/\/www.hotelbernatcalella.com\/wp-content\/uploads\/2025\/03\/torretas-calella-barcelona.webp","contentUrl":"https:\/\/www.hotelbernatcalella.com\/wp-content\/uploads\/2025\/03\/torretas-calella-barcelona.webp","width":1080,"height":1080,"caption":"torretas-calella-barcelona"},{"@type":"BreadcrumbList","@id":"https:\/\/www.hotelbernatcalella.com\/fr\/agenda-fr\/agenda-mensuel-avril-2025-a-calella\/#breadcrumb","itemListElement":[{"@type":"ListItem","position":1,"name":"Portada","item":"https:\/\/hotelbernatcalella.com\/fr\/"},{"@type":"ListItem","position":2,"name":"Avril 2025"}]},{"@type":"WebSite","@id":"https:\/\/hotelbernatcalella.com\/en\/#website","url":"https:\/\/hotelbernatcalella.com\/en\/","name":"Hotel Bernat II & Spa Calella","description":"H\u00f4tel \u00e0 Calella","alternateName":"Hotel Bernat II & Spa","potentialAction":[{"@type":"SearchAction","target":{"@type":"EntryPoint","urlTemplate":"https:\/\/hotelbernatcalella.com\/en\/?s={search_term_string}"},"query-input":{"@type":"PropertyValueSpecification","valueRequired":true,"valueName":"search_term_string"}}],"inLanguage":"fr-FR"},{"@type":"Person","@id":"https:\/\/hotelbernatcalella.com\/en\/#\/schema\/person\/9d2f8f220d7bb3470c6b37263c1f3a6e","name":"admin_bernat","image":{"@type":"ImageObject","inLanguage":"fr-FR","@id":"https:\/\/hotelbernatcalella.com\/en\/#\/schema\/person\/image\/","url":"https:\/\/secure.gravatar.com\/avatar\/d85a368a0264070f0a07504f04fe3de78e2fedb7d0b7a9e875b30b569151e37e?s=96&d=mm&r=g","contentUrl":"https:\/\/secure.gravatar.com\/avatar\/d85a368a0264070f0a07504f04fe3de78e2fedb7d0b7a9e875b30b569151e37e?s=96&d=mm&r=g","caption":"admin_bernat"},"sameAs":["https:\/\/hotelbernatcalella.com"]}]}},"loftoceanMetas":{"authorName":"admin_bernat","categories":[{"name":"Agenda Mensuel","link":"https:\/\/www.hotelbernatcalella.com\/fr\/category\/agenda-fr\/","count":12}],"date":"31 de mars de 2025","featuredImageSRC":"https:\/\/www.hotelbernatcalella.com\/wp-content\/uploads\/2025\/03\/torretas-calella-barcelona-150x150.webp"},"_links":{"self":[{"href":"https:\/\/www.hotelbernatcalella.com\/fr\/wp-json\/wp\/v2\/posts\/13065","targetHints":{"allow":["GET"]}}],"collection":[{"href":"https:\/\/www.hotelbernatcalella.com\/fr\/wp-json\/wp\/v2\/posts"}],"about":[{"href":"https:\/\/www.hotelbernatcalella.com\/fr\/wp-json\/wp\/v2\/types\/post"}],"author":[{"embeddable":true,"href":"https:\/\/www.hotelbernatcalella.com\/fr\/wp-json\/wp\/v2\/users\/1"}],"replies":[{"embeddable":true,"href":"https:\/\/www.hotelbernatcalella.com\/fr\/wp-json\/wp\/v2\/comments?post=13065"}],"version-history":[{"count":0,"href":"https:\/\/www.hotelbernatcalella.com\/fr\/wp-json\/wp\/v2\/posts\/13065\/revisions"}],"wp:featuredmedia":[{"embeddable":true,"href":"https:\/\/www.hotelbernatcalella.com\/fr\/wp-json\/wp\/v2\/media\/15297"}],"wp:attachment":[{"href":"https:\/\/www.hotelbernatcalella.com\/fr\/wp-json\/wp\/v2\/media?parent=13065"}],"wp:term":[{"taxonomy":"category","embeddable":true,"href":"https:\/\/www.hotelbernatcalella.com\/fr\/wp-json\/wp\/v2\/categories?post=13065"},{"taxonomy":"post_tag","embeddable":true,"href":"https:\/\/www.hotelbernatcalella.com\/fr\/wp-json\/wp\/v2\/tags?post=13065"}],"curies":[{"name":"wp","href":"https:\/\/api.w.org\/{rel}","templated":true}]}}