{"id":13957,"date":"2025-06-05T08:05:06","date_gmt":"2025-06-05T08:05:06","guid":{"rendered":"https:\/\/www.hotelbernatcalella.com\/no-category-de\/juni-2025\/"},"modified":"2025-06-05T09:52:50","modified_gmt":"2025-06-05T09:52:50","slug":"monatsagenda-fur-juni-2025-calella","status":"publish","type":"post","link":"https:\/\/www.hotelbernatcalella.com\/de\/agenda-de\/monatsagenda-fur-juni-2025-calella\/","title":{"rendered":"Juni 2025"},"content":{"rendered":"\t\t<div data-elementor-type=\"wp-post\" data-elementor-id=\"13957\" class=\"elementor elementor-13957 elementor-13946\" data-elementor-post-type=\"post\">\n\t\t\t\t<div class=\"elementor-element elementor-element-036eec9 e-flex e-con-boxed e-con e-parent\" data-id=\"036eec9\" data-element_type=\"container\" data-e-type=\"container\">\n\t\t\t\t\t<div class=\"e-con-inner\">\n\t\t\t\t<div class=\"elementor-element elementor-element-6f427fb elementor-widget elementor-widget-text-editor\" data-id=\"6f427fb\" data-element_type=\"widget\" data-e-type=\"widget\" data-widget_type=\"text-editor.default\">\n\t\t\t\t\t\t\t\t\t<h1><strong><span style=\"color: #91ccd4;\">Monatsagenda f\u00fcr Juni 2025 in Calella<\/span><\/strong><\/h1><p><span style=\"font-weight: 400;\">Calella begr\u00fc\u00dft den Monat Juni mit einem bunten Programm voller Farben, Musik und Traditionen. In diesem Monat bietet die mediterrane Stadt eine Vielzahl an Veranstaltungen, von internationalen Festivals \u00fcber lokale Feste bis hin zu M\u00e4rkten, Open-Air-Konzerten, Ausstellungen und Auff\u00fchrungen f\u00fcr jedes Publikum. Es ist der perfekte Moment, um den K\u00fcstencharme Calellas zu entdecken und in das reiche Kulturleben einzutauchen.<\/span><\/p><p><span style=\"font-weight: 400;\">Das<\/span><a href=\"https:\/\/hotelbernatcalella.com\/de\"> <span style=\"font-weight: 400;\">Hotel Bernat II<\/span><\/a><span style=\"font-weight: 400;\"> l\u00e4dt Sie ein, dieses besondere Erlebnis mit allem Komfort zu genie\u00dfen \u2013 ideal f\u00fcr Familien, Paare oder Freunde. Werfen Sie einen Blick auf den Veranstaltungskalender und verpassen Sie keines der Highlights, die Calella im Juni f\u00fcr Sie bereith\u00e4lt.<\/span><\/p><h2><span style=\"color: #a4adac;\"><strong>Programmierung Juni 2025<\/strong><\/span><\/h2><h3><strong>Sehensw\u00fcrdigkeiten:<\/strong><\/h3><ul><li><span style=\"font-weight: 400;\"><strong>Ausstellungssaal des Alten Rathauses<\/strong> (Pla\u00e7a de l\u2019Ajuntament, 1-3)<\/span><span style=\"font-weight: 400;\"><br \/><\/span><span style=\"font-weight: 400;\"> \u00d6ffnungszeiten: Montag bis Freitag 10:00\u201314:00 Uhr \/ Dienstag bis Samstag 18:00\u201321:00 Uhr \/ Sonn- und Feiertage 11:00\u201314:00 Uhr. Eintritt frei.<\/span><\/li><li><span style=\"font-weight: 400;\"><strong>Tourismusmuseum<\/strong> (Carrer Sant Pere, 122-140)<\/span><span style=\"font-weight: 400;\"><br \/><\/span><span style=\"font-weight: 400;\"> \u00d6ffnungszeiten: Dienstag bis Samstag 17:00\u201321:00 Uhr \/ Sonn- und Feiertage 11:00\u201314:00 Uhr und 17:00\u201321:00 Uhr<\/span><span style=\"font-weight: 400;\"><br \/><\/span><span style=\"font-weight: 400;\"> Eintritt: 2 \u20ac (erm\u00e4\u00dfigt 1 \u20ac). Am ersten Sonntag im Monat freier Eintritt.<\/span><\/li><li><span style=\"font-weight: 400;\"><strong>Leuchtturm-Interpretationszentrum<\/strong> (Carretera Nacional II, km. 666)<\/span><span style=\"font-weight: 400;\"><br \/><\/span><span style=\"font-weight: 400;\"> \u00d6ffnungszeiten: Samstage, Sonntage und Feiertage 10:00\u201314:00 Uhr<\/span><span style=\"font-weight: 400;\"><br \/><\/span><span style=\"font-weight: 400;\"> Eintritt: 2 \u20ac (erm\u00e4\u00dfigt 1 \u20ac). Am ersten Sonntag im Monat freier Eintritt.<\/span><\/li><li><span style=\"font-weight: 400;\"><strong>Luftschutzbunker im Dalmau-Park<\/strong> (Spielplatzbereich)<\/span><span style=\"font-weight: 400;\"><br \/><\/span><span style=\"font-weight: 400;\"> \u00d6ffnungszeiten: Samstage, Sonntage und Feiertage 10:00\u201314:00 Uhr<\/span><span style=\"font-weight: 400;\"><br \/><\/span><span style=\"font-weight: 400;\"> Eintritt: 1 \u20ac (erm\u00e4\u00dfigt 0,50 \u20ac). Am ersten Sonntag im Monat freier Eintritt.<\/span><\/li><li><span style=\"font-weight: 400;\"><strong>Kapelle Sant Quirze und Santa Julita<\/strong> (Carrer Francesc Bartrina, 18)<\/span><span style=\"font-weight: 400;\"><br \/><\/span><span style=\"font-weight: 400;\"> Ab dem 2. Juni nur nach Vereinbarung. Informationen und Reservierungen: museumunicipal@calella.cat \/ Tel. 937 695 102<\/span><\/li><li><strong>Stadtbibliothek Can Salvador de la Pla\u00e7a<\/strong><span style=\"font-weight: 400;\"><br \/><\/span><span style=\"font-weight: 400;\"> \u00d6ffnungszeiten: Montag und Mittwoch 15:30\u201320:00 Uhr \/ Dienstag und Donnerstag 10:30\u201313:00 Uhr und 15:30\u201320:00 Uhr \/ Samstags 10:00\u201313:30 Uhr<\/span><\/li><\/ul><h3>\u00a0<\/h3><h3><strong>Regelm\u00e4\u00dfige Aktivit\u00e4ten:<\/strong><\/h3><ul><li><b>3, 5, 7, 10, 12, 14, 17, 19, 21, 26 und 28 Juni<\/b><b><br \/><\/b> <b>07:30 Uhr<\/b><span style=\"font-weight: 400;\"> \u2013 Wandertouren rund um Calella \u2013 Start am Strand-Fu\u00dfballplatz<\/span><\/li><li><b>2, 9, 23 und 30 Juni<\/b><b><br \/><\/b> <b>09:30 bis 11:00 Uhr<\/b><span style=\"font-weight: 400;\"> \u2013 Tai-Chi-Sitzungen \u2013 Dalmau-Park<\/span><\/li><li><b>13 bis 16 Juni<\/b><b><br \/><\/b> <b>Fest Sant Quirze und Santa Julita<\/b><span style=\"font-weight: 400;\"> \u2013 Siehe spezielles Programm<\/span><\/li><\/ul><h3>\u00a0<\/h3><h3><strong>Aktivit\u00e4ten im Juni 2025:<\/strong><\/h3><p><b>SONNTAG, 1. JUNI<\/b><b><br \/><\/b> <b>10:00\u201314:00 Uhr und 16:00\u201321:00 Uhr<\/b><span style=\"font-weight: 400;\"> \u2013 Pati de l\u2019\u00d3s (Dalmau-Park) \u2013 97. Sardana-Treffen von Calella<\/span><span style=\"font-weight: 400;\"><br \/><\/span> <b>10:00\u201320:00 Uhr<\/b><span style=\"font-weight: 400;\"> \u2013 Pati de l\u2019\u00d3s \u2013 Kunsthandwerksmesse<\/span><span style=\"font-weight: 400;\"><br \/><\/span> <b>10:00\u201314:00 Uhr<\/b><span style=\"font-weight: 400;\"> \u2013 Promenade Manuel Puigvert \u2013 Sammler- und Tauschb\u00f6rse<\/span><\/p><p><b>MONTAG, 2. JUNI<\/b><b><br \/><\/b><span style=\"font-weight: 400;\"> Beginn des Screamin\u2019 Festivals (bis 8. Juni) \u2013 Verschiedene Orte in Calella \u2013 Rock\u2019n\u2019Roll-Musikfestival der 50er Jahre<\/span><span style=\"font-weight: 400;\"><br \/><\/span><span style=\"font-weight: 400;\"> Weitere Informationen:<\/span><a href=\"http:\/\/www.screaminfestival.com\/\"> <span style=\"font-weight: 400;\">www.screaminfestival.com<\/span><\/a><\/p><p><b>FREITAG, 6. JUNI<\/b><b><br \/><\/b> <b>21:30 Uhr<\/b><span style=\"font-weight: 400;\"> \u2013 Pfarrkirche von Calella \u2013 Konzert des Chors Exaudio aus Igualada<\/span><\/p><p><b>SAMSTAG, 7. JUNI<\/b><b><br \/><\/b> <b>11:00 Uhr<\/b><span style=\"font-weight: 400;\"> \u2013 Promenade Manuel Puigvert \u2013 Oldtimer-Ausstellung, Vintage-Markt und Live-Musik<\/span><span style=\"font-weight: 400;\"><br \/><\/span> <b>11:00 Uhr<\/b><span style=\"font-weight: 400;\"> \u2013 Wochenmarkt \u2013 Workshop &#8222;Gestalte deine Tasche mit recycelter Kleidung&#8220; (Tag der Umwelt)<\/span><span style=\"font-weight: 400;\"><br \/><\/span> <b>17:00 Uhr<\/b><span style=\"font-weight: 400;\"> \u2013 Promenade (Sardana-Denkmal) \u2013 2. Calella Artesana Fest und Solidarisches Stricktreffen<\/span><span style=\"font-weight: 400;\"><br \/><\/span> <b>18:00 Uhr<\/b><span style=\"font-weight: 400;\"> \u2013 Mozart-Saal \u2013 Playback-Show &#8222;Das Leben ist sch\u00f6n&#8220;. Karten: 18:30\u201320:00 Uhr an der Kasse<\/span><span style=\"font-weight: 400;\"><br \/><\/span> <b>19:00 Uhr<\/b><span style=\"font-weight: 400;\"> \u2013 Ausstellungssaal Altes Rathaus \u2013 Ausstellungser\u00f6ffnung &#8222;90 Jahre Riesengeschichten&#8220;<\/span><span style=\"font-weight: 400;\"><br \/><\/span> <b>20:00 Uhr<\/b><span style=\"font-weight: 400;\"> \u2013 Pla\u00e7a de l\u2019Ajuntament \u2013 Versammlung der Figuren f\u00fcr das Kinder-Feuerlauf (Correfoc Infantil)<\/span><span style=\"font-weight: 400;\"><br \/><\/span> <b>21:00 Uhr<\/b><span style=\"font-weight: 400;\"> \u2013 Start Correfoc Infantil<\/span><\/p><p><b>SONNTAG, 8. JUNI<\/b><b><br \/><\/b> <b>10:00 Uhr<\/b><span style=\"font-weight: 400;\"> \u2013 Strand \u2013 Traditionelles Netzwerfen (Fischereiverein Calella)<\/span><span style=\"font-weight: 400;\"><br \/><\/span> <b>14:00 Uhr<\/b><span style=\"font-weight: 400;\"> \u2013 Promenade \u2013 Paella-Fest (Sant Quirze-Verein) \u2013 Reservierungen: 650 983 427 \u2013 Preis: 15 \u20ac<\/span><span style=\"font-weight: 400;\"><br \/><\/span> <b>18:30 Uhr<\/b><span style=\"font-weight: 400;\"> \u2013 Orfe\u00f3-Theater \u2013 Theaterst\u00fcck: &#8222;Ram\u00f3n, das Trauma des L\u00f6wen&#8220; \u2013 Karten:<\/span><a href=\"http:\/\/www.joventutartistica.com\/\"> <span style=\"font-weight: 400;\">www.joventutartistica.com<\/span><\/a><\/p><p><b>DIENSTAG, 10. JUNI<\/b><b><br \/><\/b> <b>19:30 Uhr<\/b><span style=\"font-weight: 400;\"> \u2013 Auditorium Josep-Maria Terricabras \u2013 Opernvortrag \u00fcber &#8222;Lucia di Lammermoor&#8220; von Donizetti<\/span><\/p><p><b>DONNERSTAG, 12. JUNI<\/b><b><br \/><\/b> <b>10:00\u201312:30 Uhr<\/b><span style=\"font-weight: 400;\"> \u2013 Promenade Manuel Puigvert \u2013 Festival &#8222;La Minerva singt das Meer&#8220; \u2013 Schule La Minerva<\/span><\/p><p><b>FREITAG, 13. JUNI<\/b><b><br \/><\/b> <b>18:30 Uhr<\/b><span style=\"font-weight: 400;\"> \u2013 Auditorium Josep-Maria Terricabras \u2013 Opernvortrag \u00fcber &#8222;Lucia di Lammermoor&#8220; von Donizetti<\/span><\/p><p><b>SAMSTAG, 14. JUNI<\/b><b><br \/><\/b> <b>17:30 Uhr<\/b><span style=\"font-weight: 400;\"> \u2013 Start am Alten Rathaus \u2013 Gef\u00fchrte Tour &#8222;Ein Spaziergang durch Calellas Geschichte&#8220; \u2013 Reservierung bis 13. Juni 14 Uhr: museumunicipal@calella.cat<\/span><\/p><p><b>SONNTAG, 15. JUNI<\/b><b><br \/><\/b> <b>09:00\u201320:00 Uhr<\/b><span style=\"font-weight: 400;\"> \u2013 Pavillon im Dalmau-Park \u2013 Rollkunstlaufwettbewerb f\u00fcr Anf\u00e4nger<\/span><\/p><p><b>DIENSTAG, 17. JUNI<\/b><b><br \/><\/b> <b>19:00 Uhr<\/b><span style=\"font-weight: 400;\"> \u2013 Ausstellungssaal Altes Rathaus \u2013 Preisverleihung des 2. Schnellmalwettbewerbs Francesc Oliver Fradera<\/span><\/p><p><b>MITTWOCH, 18. JUNI<\/b><b><br \/><\/b><span style=\"font-weight: 400;\"> Start des Calella Folk Festivals (bis 2. Juli) \u2013 Veranstaltungen auf Pla\u00e7a de l\u2019Ajuntament, Pla\u00e7a de l\u2019Esgl\u00e9sia und Umz\u00fcge<\/span><span style=\"font-weight: 400;\"><br \/><\/span> <b>17:00\u201320:00 Uhr<\/b><span style=\"font-weight: 400;\"> \u2013 Esgl\u00e9sia-Stra\u00dfe \u2013 LGTBI-Familienpunkt<\/span><span style=\"font-weight: 400;\"><br \/><\/span> <b>21:00\u201300:00 Uhr<\/b><span style=\"font-weight: 400;\"> \u2013 Pla\u00e7a de l\u2019Ajuntament \u2013 Calella Folk Festival Shows<\/span><\/p><p><b>DONNERSTAG, 19. JUNI<\/b><b><br \/><\/b> <b>18:00 Uhr<\/b><span style=\"font-weight: 400;\"> \u2013 Promenade \u2013 Abend f\u00fcr Senioren mit Tanz<\/span><span style=\"font-weight: 400;\"><br \/><\/span> <b>21:00\u201300:00 Uhr<\/b><span style=\"font-weight: 400;\"> \u2013 Pla\u00e7a de l\u2019Ajuntament \u2013 Shows Calella Folk Festival<\/span><\/p><p><b>FREITAG, 20. JUNI<\/b><b><br \/><\/b> <b>17:00\u201318:00 Uhr<\/b><span style=\"font-weight: 400;\"> \u2013 Umzug Folk Festival \u2013 Riera Capaspre, C. Jovara, C. \u00c0nimes, C. Esgl\u00e9sia<\/span><span style=\"font-weight: 400;\"><br \/><\/span> <b>21:00\u201300:00 Uhr<\/b><span style=\"font-weight: 400;\"> \u2013 Pla\u00e7a de l\u2019Ajuntament \u2013 Shows<\/span><span style=\"font-weight: 400;\"><br \/><\/span> <b>21:30 Uhr<\/b><span style=\"font-weight: 400;\"> \u2013 Pfarrkirche \u2013 Konzert &#8222;Lieder des Geistes, Lieder des Windes&#8220;<\/span><\/p><p><b>SAMSTAG, 21. JUNI<\/b><b><br \/><\/b> <b>11:00 Uhr<\/b><span style=\"font-weight: 400;\"> \u2013 Wochenmarkt \u2013 Kinder-Workshop<\/span><span style=\"font-weight: 400;\"><br \/><\/span> <b>21:00\u201300:00 Uhr<\/b><span style=\"font-weight: 400;\"> \u2013 Pla\u00e7a de l\u2019Ajuntament \u2013 Shows<\/span><\/p><p><b>SONNTAG, 22. JUNI<\/b><b><br \/><\/b><span style=\"font-weight: 400;\"> Ganzt\u00e4gig \u2013 Kirche \u2013 Blumenteppiche<\/span><span style=\"font-weight: 400;\"><br \/><\/span> <b>09:00 Uhr<\/b><span style=\"font-weight: 400;\"> \u2013 Promenade \u2013 Spaziergang gegen Missbrauch \u00e4lterer Menschen<\/span><span style=\"font-weight: 400;\"><br \/><\/span> <b>21:00\u201300:00 Uhr<\/b><span style=\"font-weight: 400;\"> \u2013 Pla\u00e7a de l\u2019Ajuntament \u2013 Shows<\/span><\/p><p><b>MONTAG, 23. JUNI<\/b><b><br \/><\/b> <b>21:00 Uhr<\/b><span style=\"font-weight: 400;\"> \u2013 Promenade \u2013 Ankunft der Flamme vom Canig\u00f3, Manifest und Johannisfeuer<\/span><span style=\"font-weight: 400;\"><br \/><\/span> <b>22:00 Uhr<\/b><span style=\"font-weight: 400;\"> \u2013 Gemeinsames Abendessen<\/span><span style=\"font-weight: 400;\"><br \/><\/span> <b>23:00 Uhr<\/b><span style=\"font-weight: 400;\"> \u2013 Tanz mit The Sideburns<\/span><\/p><p><b>DIENSTAG, 24. JUNI<\/b><b><br \/><\/b> <b>20:15 Uhr<\/b><span style=\"font-weight: 400;\"> \u2013 Umzug Folk Festival bis Pla\u00e7a de l\u2019Esgl\u00e9sia<\/span><span style=\"font-weight: 400;\"><br \/><\/span> <b>20:30\u201323:00 Uhr<\/b><span style=\"font-weight: 400;\"> \u2013 Auff\u00fchrungen<\/span><\/p><p><b>MITTWOCH, 25. JUNI<\/b><b><br \/><\/b> <b>17:00\u201318:00 Uhr<\/b><span style=\"font-weight: 400;\"> \u2013 Umzug bis zum Rathaus<\/span><span style=\"font-weight: 400;\"><br \/><\/span> <b>20:30 Uhr<\/b><span style=\"font-weight: 400;\"> \u2013 Pla\u00e7a de l\u2019Esgl\u00e9sia \u2013 Auff\u00fchrungen<\/span><span style=\"font-weight: 400;\"><br \/><\/span> <b>21:00\u201300:00 Uhr<\/b><span style=\"font-weight: 400;\"> \u2013 Pla\u00e7a de l\u2019Ajuntament \u2013 Auff\u00fchrungen<\/span><\/p><p><b>DONNERSTAG, 26. JUNI<\/b><b><br \/><\/b> <b>21:00 Uhr<\/b><span style=\"font-weight: 400;\"> \u2013 Mozart-Saal \u2013 Film &#8222;Els Raigs&#8220; \u2013 Karten:<\/span><a href=\"https:\/\/ciclegaudi.cat\/sales\/calella\/\"> <span style=\"font-weight: 400;\">Calella &#8211; Cicle Gaud\u00ed<\/span><span style=\"font-weight: 400;\"><br \/><\/span><\/a> <b>21:00\u201300:00 Uhr<\/b><span style=\"font-weight: 400;\"> \u2013 Auff\u00fchrungen<\/span><\/p><p><b>FREITAG, 27. JUNI<\/b><b><br \/><\/b> <b>17:00 Uhr<\/b><span style=\"font-weight: 400;\"> \u2013 Promenade \u2013 Aktivit\u00e4ten zur Vielfalt<\/span><span style=\"font-weight: 400;\"><br \/><\/span> <b>20:00 Uhr<\/b><span style=\"font-weight: 400;\"> \u2013 Orfe\u00f3-Theater \u2013 Theaterst\u00fcck &#8222;Rinconete y Cortadillo&#8220; \u2013<\/span><a href=\"http:\/\/www.joventutartistica.com\/\"> <span style=\"font-weight: 400;\">www.joventutartistica.com<\/span><span style=\"font-weight: 400;\"><br \/><\/span><\/a> <b>20:30\u201323:00 Uhr<\/b><span style=\"font-weight: 400;\"> \u2013 Pla\u00e7a de l\u2019Esgl\u00e9sia \u2013 Auff\u00fchrungen<\/span><span style=\"font-weight: 400;\"><br \/><\/span> <b>21:00\u201300:00 Uhr<\/b><span style=\"font-weight: 400;\"> \u2013 Rathausplatz \u2013 Auff\u00fchrungen<\/span><span style=\"font-weight: 400;\"><br \/><\/span> <b>22:00 Uhr<\/b><span style=\"font-weight: 400;\"> \u2013 Leuchtturm \u2013 Konzert Alfred Garc\u00eda (NEC\u201925) \u2013<\/span><a href=\"https:\/\/www.entrapolis.com\/\"> <span style=\"font-weight: 400;\">www.entrapolis.com<\/span><\/a><\/p><p><b>SAMSTAG, 28. JUNI<\/b><b><br \/><\/b> <b>17:00 Uhr<\/b><span style=\"font-weight: 400;\"> \u2013 Kirche \u2013 Konzert Chor Prince Henry<\/span><span style=\"font-weight: 400;\"><br \/><\/span> <b>18:00 und 20:00 Uhr<\/b><span style=\"font-weight: 400;\"> \u2013 Theaterst\u00fcck &#8222;Rinconete y Cortadillo&#8220;<\/span><span style=\"font-weight: 400;\"><br \/><\/span> <b>20:00 Uhr<\/b><span style=\"font-weight: 400;\"> \u2013 Can Xena \u2013 Can Xena Nacht<\/span><span style=\"font-weight: 400;\"><br \/><\/span> <b>21:00 Uhr<\/b><span style=\"font-weight: 400;\"> \u2013 Promenade \u2013 Nachtwanderung<\/span><\/p><p><b>SONNTAG, 29. JUNI<\/b><b><br \/><\/b> <b>18:00 Uhr<\/b><span style=\"font-weight: 400;\"> \u2013 Mozart-Saal \u2013 Show &#8222;Fusion III&#8220; gegen Einsamkeit<\/span><span style=\"font-weight: 400;\"><br \/><\/span> <b>18:00 Uhr<\/b><span style=\"font-weight: 400;\"> \u2013 Umzug zur Kirche<\/span><span style=\"font-weight: 400;\"><br \/><\/span> <b>18:00\u201323:00 Uhr<\/b><span style=\"font-weight: 400;\"> \u2013 Auff\u00fchrungen<\/span><span style=\"font-weight: 400;\"><br \/><\/span> <b>18:00 und 20:00 Uhr<\/b><span style=\"font-weight: 400;\"> \u2013 Theaterst\u00fcck &#8222;Rinconete y Cortadillo&#8220;<\/span><\/p><p><b>MONTAG, 30. JUNI<\/b><b><br \/><\/b> <b>18:20\u201323:00 Uhr<\/b><span style=\"font-weight: 400;\"> \u2013 Auff\u00fchrungen<\/span><span style=\"font-weight: 400;\"><br \/><\/span> <b>21:30 Uhr<\/b><span style=\"font-weight: 400;\"> \u2013 Kirche \u2013 Konzert Marc Segura (Mediterranes Gitarrenfestival) \u2013<\/span><a href=\"http:\/\/www.mediterraneanguitarfestival.com\/\"> <span style=\"font-weight: 400;\">mediterraneanguitarfestival.com<\/span><\/a><\/p><p>\u00a0<\/p><p><span style=\"font-weight: 400;\">Du willst das verpassen? Reserviere jetzt auf<\/span><a href=\"https:\/\/hotelbernatcalella.com\/de\"> <span style=\"font-weight: 400;\">hotelbernatcalella.com<\/span><\/a><\/p>\t\t\t\t\t\t\t\t<\/div>\n\t\t\t\t\t<\/div>\n\t\t\t\t<\/div>\n\t\t\t\t<\/div>\n\t\t","protected":false},"excerpt":{"rendered":"<p>Monatsagenda f\u00fcr Juni 2025 in Calella Calella begr\u00fc\u00dft den Monat Juni mit einem bunten Programm voller Farben, Musik und Traditionen. In diesem Monat bietet die mediterrane Stadt eine Vielzahl an Veranstaltungen, von internationalen Festivals \u00fcber lokale Feste bis hin zu M\u00e4rkten, Open-Air-Konzerten, Ausstellungen und Auff\u00fchrungen f\u00fcr jedes Publikum. Es ist der perfekte Moment, um den &#8230;<\/p>\n","protected":false},"author":1,"featured_media":15284,"comment_status":"closed","ping_status":"open","sticky":false,"template":"","format":"standard","meta":{"loftocean_post_format_gallery":"","loftocean_post_format_gallery_ids":"","loftocean_post_format_gallery_urls":"","loftocean_post_format_video_id":0,"loftocean_post_format_video_url":"","loftocean_post_format_video_type":"","loftocean_post_format_video":"","loftocean_post_format_audio_type":"","loftocean_post_format_audio_url":"","loftocean_post_format_audio_id":0,"loftocean_post_format_audio":"","loftocean-like-count":0,"cozystay_single_post_hide_site_header":"","cozystay_single_post_site_header_source":"","cozystay_single_post_custom_site_header":"0","cozystay_single_post_custom_sticky_site_header":"0","cozystay_single_post_hide_page_title":"","cozystay_single_post_site_footer_hide_main":"","cozystay_single_custom_site_footer_main_source":"","cozystay_single_custom_site_footer_main":"0","cozystay_single_post_site_footer_hide_above":"","cozystay_single_custom_site_footer_above_source":"","cozystay_single_custom_site_footer_above":"0","cozystay_single_post_site_footer_hide_instagram":"","cozystay_single_post_site_footer_hide_bottom":"","cozystay_single_custom_mobile_menu_source":"","cozystay_single_custom_mobile_menu":"0","cozystay_single_custom_mobile_menu_animation":"","cozystay_single_custom_mobile_menu_width":"","cozystay_single_custom_mobile_menu_custom_width":375,"cozystay_single_post_template":"","footnotes":""},"categories":[445],"tags":[568],"class_list":["post-13957","post","type-post","status-publish","format-standard","has-post-thumbnail","hentry","category-agenda-de","tag-monatsagenda"],"yoast_head":"<!-- This site is optimized with the Yoast SEO plugin v27.1.1 - https:\/\/yoast.com\/product\/yoast-seo-wordpress\/ -->\n<title>Juni 2025 | Hotel Bernat II<\/title>\n<meta name=\"description\" content=\"Werfen Sie einen Blick auf den kalender und verpassen Sie keines der Highlights, die Calella, Barcelona im Juni f\u00fcr Sie bereith\u00e4lt\" \/>\n<meta name=\"robots\" content=\"index, follow, max-snippet:-1, max-image-preview:large, max-video-preview:-1\" \/>\n<link rel=\"canonical\" href=\"https:\/\/www.hotelbernatcalella.com\/de\/agenda-de\/monatsagenda-fur-juni-2025-calella\/\" \/>\n<meta property=\"og:locale\" content=\"de_DE\" \/>\n<meta property=\"og:type\" content=\"article\" \/>\n<meta property=\"og:title\" content=\"Juni 2025 | Hotel Bernat II\" \/>\n<meta property=\"og:description\" content=\"Werfen Sie einen Blick auf den kalender und verpassen Sie keines der Highlights, die Calella, Barcelona im Juni f\u00fcr Sie bereith\u00e4lt\" \/>\n<meta property=\"og:url\" content=\"https:\/\/www.hotelbernatcalella.com\/de\/agenda-de\/monatsagenda-fur-juni-2025-calella\/\" \/>\n<meta property=\"og:site_name\" content=\"Hotel Bernat II\" \/>\n<meta property=\"article:published_time\" content=\"2025-06-05T08:05:06+00:00\" \/>\n<meta property=\"article:modified_time\" content=\"2025-06-05T09:52:50+00:00\" \/>\n<meta property=\"og:image\" content=\"https:\/\/hotelbernatcalella.com\/wp-content\/uploads\/2025\/06\/torretas-calella.webp\" \/>\n\t<meta property=\"og:image:width\" content=\"1414\" \/>\n\t<meta property=\"og:image:height\" content=\"2000\" \/>\n\t<meta property=\"og:image:type\" content=\"image\/webp\" \/>\n<meta name=\"author\" content=\"admin_bernat\" \/>\n<meta name=\"twitter:card\" content=\"summary_large_image\" \/>\n<meta name=\"twitter:label1\" content=\"Verfasst von\" \/>\n\t<meta name=\"twitter:data1\" content=\"admin_bernat\" \/>\n\t<meta name=\"twitter:label2\" content=\"Gesch\u00e4tzte Lesezeit\" \/>\n\t<meta name=\"twitter:data2\" content=\"5\u00a0Minuten\" \/>\n<script type=\"application\/ld+json\" class=\"yoast-schema-graph\">{\"@context\":\"https:\/\/schema.org\",\"@graph\":[{\"@type\":\"Article\",\"@id\":\"https:\/\/www.hotelbernatcalella.com\/de\/agenda-de\/monatsagenda-fur-juni-2025-calella\/#article\",\"isPartOf\":{\"@id\":\"https:\/\/www.hotelbernatcalella.com\/de\/agenda-de\/monatsagenda-fur-juni-2025-calella\/\"},\"author\":{\"name\":\"admin_bernat\",\"@id\":\"https:\/\/hotelbernatcalella.com\/en\/#\/schema\/person\/9d2f8f220d7bb3470c6b37263c1f3a6e\"},\"headline\":\"Juni 2025\",\"datePublished\":\"2025-06-05T08:05:06+00:00\",\"dateModified\":\"2025-06-05T09:52:50+00:00\",\"mainEntityOfPage\":{\"@id\":\"https:\/\/www.hotelbernatcalella.com\/de\/agenda-de\/monatsagenda-fur-juni-2025-calella\/\"},\"wordCount\":851,\"image\":{\"@id\":\"https:\/\/www.hotelbernatcalella.com\/de\/agenda-de\/monatsagenda-fur-juni-2025-calella\/#primaryimage\"},\"thumbnailUrl\":\"https:\/\/www.hotelbernatcalella.com\/wp-content\/uploads\/2025\/06\/torretas-calella.webp\",\"keywords\":[\"Monatsagenda\"],\"articleSection\":[\"Monatsagenda\"],\"inLanguage\":\"de\"},{\"@type\":\"WebPage\",\"@id\":\"https:\/\/www.hotelbernatcalella.com\/de\/agenda-de\/monatsagenda-fur-juni-2025-calella\/\",\"url\":\"https:\/\/www.hotelbernatcalella.com\/de\/agenda-de\/monatsagenda-fur-juni-2025-calella\/\",\"name\":\"Juni 2025 | Hotel Bernat II\",\"isPartOf\":{\"@id\":\"https:\/\/hotelbernatcalella.com\/en\/#website\"},\"primaryImageOfPage\":{\"@id\":\"https:\/\/www.hotelbernatcalella.com\/de\/agenda-de\/monatsagenda-fur-juni-2025-calella\/#primaryimage\"},\"image\":{\"@id\":\"https:\/\/www.hotelbernatcalella.com\/de\/agenda-de\/monatsagenda-fur-juni-2025-calella\/#primaryimage\"},\"thumbnailUrl\":\"https:\/\/www.hotelbernatcalella.com\/wp-content\/uploads\/2025\/06\/torretas-calella.webp\",\"datePublished\":\"2025-06-05T08:05:06+00:00\",\"dateModified\":\"2025-06-05T09:52:50+00:00\",\"author\":{\"@id\":\"https:\/\/hotelbernatcalella.com\/en\/#\/schema\/person\/9d2f8f220d7bb3470c6b37263c1f3a6e\"},\"description\":\"Werfen Sie einen Blick auf den kalender und verpassen Sie keines der Highlights, die Calella, Barcelona im Juni f\u00fcr Sie bereith\u00e4lt\",\"breadcrumb\":{\"@id\":\"https:\/\/www.hotelbernatcalella.com\/de\/agenda-de\/monatsagenda-fur-juni-2025-calella\/#breadcrumb\"},\"inLanguage\":\"de\",\"potentialAction\":[{\"@type\":\"ReadAction\",\"target\":[\"https:\/\/www.hotelbernatcalella.com\/de\/agenda-de\/monatsagenda-fur-juni-2025-calella\/\"]}]},{\"@type\":\"ImageObject\",\"inLanguage\":\"de\",\"@id\":\"https:\/\/www.hotelbernatcalella.com\/de\/agenda-de\/monatsagenda-fur-juni-2025-calella\/#primaryimage\",\"url\":\"https:\/\/www.hotelbernatcalella.com\/wp-content\/uploads\/2025\/06\/torretas-calella.webp\",\"contentUrl\":\"https:\/\/www.hotelbernatcalella.com\/wp-content\/uploads\/2025\/06\/torretas-calella.webp\",\"width\":1414,\"height\":2000,\"caption\":\"torretas-calella\"},{\"@type\":\"BreadcrumbList\",\"@id\":\"https:\/\/www.hotelbernatcalella.com\/de\/agenda-de\/monatsagenda-fur-juni-2025-calella\/#breadcrumb\",\"itemListElement\":[{\"@type\":\"ListItem\",\"position\":1,\"name\":\"Portada\",\"item\":\"https:\/\/www.hotelbernatcalella.com\/de\/\"},{\"@type\":\"ListItem\",\"position\":2,\"name\":\"Juni 2025\"}]},{\"@type\":\"WebSite\",\"@id\":\"https:\/\/hotelbernatcalella.com\/en\/#website\",\"url\":\"https:\/\/hotelbernatcalella.com\/en\/\",\"name\":\"Hotel Bernat II & Spa Calella\",\"description\":\"Hotel in Calella\",\"alternateName\":\"Hotel Bernat II & Spa\",\"potentialAction\":[{\"@type\":\"SearchAction\",\"target\":{\"@type\":\"EntryPoint\",\"urlTemplate\":\"https:\/\/hotelbernatcalella.com\/en\/?s={search_term_string}\"},\"query-input\":{\"@type\":\"PropertyValueSpecification\",\"valueRequired\":true,\"valueName\":\"search_term_string\"}}],\"inLanguage\":\"de\"},{\"@type\":\"Person\",\"@id\":\"https:\/\/hotelbernatcalella.com\/en\/#\/schema\/person\/9d2f8f220d7bb3470c6b37263c1f3a6e\",\"name\":\"admin_bernat\",\"image\":{\"@type\":\"ImageObject\",\"inLanguage\":\"de\",\"@id\":\"https:\/\/hotelbernatcalella.com\/en\/#\/schema\/person\/image\/\",\"url\":\"https:\/\/secure.gravatar.com\/avatar\/d85a368a0264070f0a07504f04fe3de78e2fedb7d0b7a9e875b30b569151e37e?s=96&d=mm&r=g\",\"contentUrl\":\"https:\/\/secure.gravatar.com\/avatar\/d85a368a0264070f0a07504f04fe3de78e2fedb7d0b7a9e875b30b569151e37e?s=96&d=mm&r=g\",\"caption\":\"admin_bernat\"},\"sameAs\":[\"https:\/\/hotelbernatcalella.com\"]}]}<\/script>\n<!-- \/ Yoast SEO plugin. -->","yoast_head_json":{"title":"Juni 2025 | Hotel Bernat II","description":"Werfen Sie einen Blick auf den kalender und verpassen Sie keines der Highlights, die Calella, Barcelona im Juni f\u00fcr Sie bereith\u00e4lt","robots":{"index":"index","follow":"follow","max-snippet":"max-snippet:-1","max-image-preview":"max-image-preview:large","max-video-preview":"max-video-preview:-1"},"canonical":"https:\/\/www.hotelbernatcalella.com\/de\/agenda-de\/monatsagenda-fur-juni-2025-calella\/","og_locale":"de_DE","og_type":"article","og_title":"Juni 2025 | Hotel Bernat II","og_description":"Werfen Sie einen Blick auf den kalender und verpassen Sie keines der Highlights, die Calella, Barcelona im Juni f\u00fcr Sie bereith\u00e4lt","og_url":"https:\/\/www.hotelbernatcalella.com\/de\/agenda-de\/monatsagenda-fur-juni-2025-calella\/","og_site_name":"Hotel Bernat II","article_published_time":"2025-06-05T08:05:06+00:00","article_modified_time":"2025-06-05T09:52:50+00:00","og_image":[{"width":1414,"height":2000,"url":"https:\/\/hotelbernatcalella.com\/wp-content\/uploads\/2025\/06\/torretas-calella.webp","type":"image\/webp"}],"author":"admin_bernat","twitter_card":"summary_large_image","twitter_misc":{"Verfasst von":"admin_bernat","Gesch\u00e4tzte Lesezeit":"5\u00a0Minuten"},"schema":{"@context":"https:\/\/schema.org","@graph":[{"@type":"Article","@id":"https:\/\/www.hotelbernatcalella.com\/de\/agenda-de\/monatsagenda-fur-juni-2025-calella\/#article","isPartOf":{"@id":"https:\/\/www.hotelbernatcalella.com\/de\/agenda-de\/monatsagenda-fur-juni-2025-calella\/"},"author":{"name":"admin_bernat","@id":"https:\/\/hotelbernatcalella.com\/en\/#\/schema\/person\/9d2f8f220d7bb3470c6b37263c1f3a6e"},"headline":"Juni 2025","datePublished":"2025-06-05T08:05:06+00:00","dateModified":"2025-06-05T09:52:50+00:00","mainEntityOfPage":{"@id":"https:\/\/www.hotelbernatcalella.com\/de\/agenda-de\/monatsagenda-fur-juni-2025-calella\/"},"wordCount":851,"image":{"@id":"https:\/\/www.hotelbernatcalella.com\/de\/agenda-de\/monatsagenda-fur-juni-2025-calella\/#primaryimage"},"thumbnailUrl":"https:\/\/www.hotelbernatcalella.com\/wp-content\/uploads\/2025\/06\/torretas-calella.webp","keywords":["Monatsagenda"],"articleSection":["Monatsagenda"],"inLanguage":"de"},{"@type":"WebPage","@id":"https:\/\/www.hotelbernatcalella.com\/de\/agenda-de\/monatsagenda-fur-juni-2025-calella\/","url":"https:\/\/www.hotelbernatcalella.com\/de\/agenda-de\/monatsagenda-fur-juni-2025-calella\/","name":"Juni 2025 | Hotel Bernat II","isPartOf":{"@id":"https:\/\/hotelbernatcalella.com\/en\/#website"},"primaryImageOfPage":{"@id":"https:\/\/www.hotelbernatcalella.com\/de\/agenda-de\/monatsagenda-fur-juni-2025-calella\/#primaryimage"},"image":{"@id":"https:\/\/www.hotelbernatcalella.com\/de\/agenda-de\/monatsagenda-fur-juni-2025-calella\/#primaryimage"},"thumbnailUrl":"https:\/\/www.hotelbernatcalella.com\/wp-content\/uploads\/2025\/06\/torretas-calella.webp","datePublished":"2025-06-05T08:05:06+00:00","dateModified":"2025-06-05T09:52:50+00:00","author":{"@id":"https:\/\/hotelbernatcalella.com\/en\/#\/schema\/person\/9d2f8f220d7bb3470c6b37263c1f3a6e"},"description":"Werfen Sie einen Blick auf den kalender und verpassen Sie keines der Highlights, die Calella, Barcelona im Juni f\u00fcr Sie bereith\u00e4lt","breadcrumb":{"@id":"https:\/\/www.hotelbernatcalella.com\/de\/agenda-de\/monatsagenda-fur-juni-2025-calella\/#breadcrumb"},"inLanguage":"de","potentialAction":[{"@type":"ReadAction","target":["https:\/\/www.hotelbernatcalella.com\/de\/agenda-de\/monatsagenda-fur-juni-2025-calella\/"]}]},{"@type":"ImageObject","inLanguage":"de","@id":"https:\/\/www.hotelbernatcalella.com\/de\/agenda-de\/monatsagenda-fur-juni-2025-calella\/#primaryimage","url":"https:\/\/www.hotelbernatcalella.com\/wp-content\/uploads\/2025\/06\/torretas-calella.webp","contentUrl":"https:\/\/www.hotelbernatcalella.com\/wp-content\/uploads\/2025\/06\/torretas-calella.webp","width":1414,"height":2000,"caption":"torretas-calella"},{"@type":"BreadcrumbList","@id":"https:\/\/www.hotelbernatcalella.com\/de\/agenda-de\/monatsagenda-fur-juni-2025-calella\/#breadcrumb","itemListElement":[{"@type":"ListItem","position":1,"name":"Portada","item":"https:\/\/www.hotelbernatcalella.com\/de\/"},{"@type":"ListItem","position":2,"name":"Juni 2025"}]},{"@type":"WebSite","@id":"https:\/\/hotelbernatcalella.com\/en\/#website","url":"https:\/\/hotelbernatcalella.com\/en\/","name":"Hotel Bernat II & Spa Calella","description":"Hotel in Calella","alternateName":"Hotel Bernat II & Spa","potentialAction":[{"@type":"SearchAction","target":{"@type":"EntryPoint","urlTemplate":"https:\/\/hotelbernatcalella.com\/en\/?s={search_term_string}"},"query-input":{"@type":"PropertyValueSpecification","valueRequired":true,"valueName":"search_term_string"}}],"inLanguage":"de"},{"@type":"Person","@id":"https:\/\/hotelbernatcalella.com\/en\/#\/schema\/person\/9d2f8f220d7bb3470c6b37263c1f3a6e","name":"admin_bernat","image":{"@type":"ImageObject","inLanguage":"de","@id":"https:\/\/hotelbernatcalella.com\/en\/#\/schema\/person\/image\/","url":"https:\/\/secure.gravatar.com\/avatar\/d85a368a0264070f0a07504f04fe3de78e2fedb7d0b7a9e875b30b569151e37e?s=96&d=mm&r=g","contentUrl":"https:\/\/secure.gravatar.com\/avatar\/d85a368a0264070f0a07504f04fe3de78e2fedb7d0b7a9e875b30b569151e37e?s=96&d=mm&r=g","caption":"admin_bernat"},"sameAs":["https:\/\/hotelbernatcalella.com"]}]}},"loftoceanMetas":{"authorName":"admin_bernat","categories":[{"name":"Monatsagenda","link":"https:\/\/www.hotelbernatcalella.com\/de\/category\/agenda-de\/","count":12}],"date":"5 de Juni de 2025","featuredImageSRC":"https:\/\/www.hotelbernatcalella.com\/wp-content\/uploads\/2025\/06\/torretas-calella-150x150.webp"},"_links":{"self":[{"href":"https:\/\/www.hotelbernatcalella.com\/de\/wp-json\/wp\/v2\/posts\/13957","targetHints":{"allow":["GET"]}}],"collection":[{"href":"https:\/\/www.hotelbernatcalella.com\/de\/wp-json\/wp\/v2\/posts"}],"about":[{"href":"https:\/\/www.hotelbernatcalella.com\/de\/wp-json\/wp\/v2\/types\/post"}],"author":[{"embeddable":true,"href":"https:\/\/www.hotelbernatcalella.com\/de\/wp-json\/wp\/v2\/users\/1"}],"replies":[{"embeddable":true,"href":"https:\/\/www.hotelbernatcalella.com\/de\/wp-json\/wp\/v2\/comments?post=13957"}],"version-history":[{"count":0,"href":"https:\/\/www.hotelbernatcalella.com\/de\/wp-json\/wp\/v2\/posts\/13957\/revisions"}],"wp:featuredmedia":[{"embeddable":true,"href":"https:\/\/www.hotelbernatcalella.com\/de\/wp-json\/wp\/v2\/media\/15284"}],"wp:attachment":[{"href":"https:\/\/www.hotelbernatcalella.com\/de\/wp-json\/wp\/v2\/media?parent=13957"}],"wp:term":[{"taxonomy":"category","embeddable":true,"href":"https:\/\/www.hotelbernatcalella.com\/de\/wp-json\/wp\/v2\/categories?post=13957"},{"taxonomy":"post_tag","embeddable":true,"href":"https:\/\/www.hotelbernatcalella.com\/de\/wp-json\/wp\/v2\/tags?post=13957"}],"curies":[{"name":"wp","href":"https:\/\/api.w.org\/{rel}","templated":true}]}}