{"id":11359,"date":"2024-11-27T10:59:46","date_gmt":"2024-11-27T10:59:46","guid":{"rendered":"https:\/\/hotelbernatcalella.com\/no-category-de\/stadfest-von-calella\/"},"modified":"2024-11-29T13:05:21","modified_gmt":"2024-11-29T13:05:21","slug":"stadfest-von-calella","status":"publish","type":"post","link":"https:\/\/www.hotelbernatcalella.com\/de\/noticias-de\/stadfest-von-calella\/","title":{"rendered":"Stadfest von Calella"},"content":{"rendered":"\t\t<div data-elementor-type=\"wp-post\" data-elementor-id=\"11359\" class=\"elementor elementor-11359 elementor-4238\" data-elementor-post-type=\"post\">\n\t\t\t\t<div class=\"elementor-element elementor-element-48914ae3 e-flex e-con-boxed e-con e-parent\" data-id=\"48914ae3\" data-element_type=\"container\" data-e-type=\"container\">\n\t\t\t\t\t<div class=\"e-con-inner\">\n\t\t\t\t<div class=\"elementor-element elementor-element-6f9134d3 elementor-widget elementor-widget-text-editor\" data-id=\"6f9134d3\" data-element_type=\"widget\" data-e-type=\"widget\" data-widget_type=\"text-editor.default\">\n\t\t\t\t\t\t\t\t\t<h1><b>Erleben Sie das Stadtfest von Calella<\/b><b><br \/><\/b><\/h1><h2><span style=\"font-weight: 400;\">Die K\u00fcstenstadt Maresme er\u00f6ffnet die Festlichkeiten zu Ehren der Minerva<\/span><span style=\"font-weight: 400;\"><br \/><\/span><\/h2><p><span style=\"font-weight: 400;\">Der September ist einer der bedeutendsten Monate des Jahres f\u00fcr die Einwohner von Calella. In wenigen Tagen beginnen die Festlichkeiten der Stadt, und schon bald werden die Stra\u00dfen voller Freude und Aufregung sein. Vom 19. bis 23. September hat die Stadtverwaltung von Calella eine Reihe von Aktivit\u00e4ten, Umz\u00fcgen und Konzerten organisiert, damit jeder das Stadtfest und seine Traditionen und Kultur genie\u00dfen kann. Im Hotel Bernat II m\u00f6chten wir, dass Sie unvergessliche Tage mit uns in Calella verbringen!<\/span><span style=\"font-weight: 400;\"><br \/><\/span><\/p><p><span style=\"font-weight: 400;\">Wenn Sie wissen m\u00f6chten, was unsere Stadt w\u00e4hrend der Minerva-Festlichkeiten alles zu bieten hat, finden Sie hier das Programm, um die Konzerte, den Jahrmarkt und alle geplanten Veranstaltungen und Aktivit\u00e4ten zu genie\u00dfen:<\/span><\/p><h3><span style=\"font-weight: 400;\"><br \/><\/span><b>Stadtfest in Calella: Aktivit\u00e4ten<\/b><b><br \/><\/b><\/h3><p><span style=\"font-weight: 400;\">W\u00e4hrend der Festtage steht die katalanische Kultur im Mittelpunkt aller Aktivit\u00e4ten. Es gibt Vorf\u00fchrungen von Castellers, Umz\u00fcge mit Riesen, Correfocs (Feuerl\u00e4ufe) und Batucadas. Wenn Sie die Traditionen unserer Stadt kennenlernen und in unsere Kultur eintauchen m\u00f6chten, finden Sie hier den <\/span><span style=\"font-weight: 400;\">Zeitplan:<\/span><span style=\"font-weight: 400;\"><br \/><\/span><b><\/b><\/p><h4><b>Zeitplan der Aktivit\u00e4ten:<\/b><b><br \/><\/b><b><\/b><\/h4><p><b>Donnerstag, 19. September:<\/b><b><br \/><\/b><\/p><p><span style=\"font-weight: 400;\">19:45 \u2013 Pla\u00e7a Catalunya (Katalonien-Platz) \u2013 Ho Peta Street Band (Musik auf den Stra\u00dfen der Stadt)<\/span><span style=\"font-weight: 400;\"><br \/><\/span><\/p><p><span style=\"font-weight: 400;\">21:15 \u2013 Pla\u00e7a de l\u2019Ajuntament (Rathausplatz) \u2013 Er\u00f6ffnungsrede + Tanz der Riesen + Llopa-Tanz<\/span><span style=\"font-weight: 400;\"><br \/><\/span><b><\/b><\/p><p><b>Freitag, 20. September:<\/b><b><br \/><\/b><\/p><p><span style=\"font-weight: 400;\">20:00 \u2013 Pla\u00e7a Catalunya (Katalonien-Platz) \u2013 Sardanas-Vorf\u00fchrung (traditioneller katalanischer Tanz)<\/span><span style=\"font-weight: 400;\"><br \/><\/span><\/p><p><span style=\"font-weight: 400;\">22:00 \u2013 Pla\u00e7a de l\u2019Esgl\u00e9sia (Kirchenplatz) \u2013 L\u2019Esbojarrada: Nachtumzug (Musik auf den Stra\u00dfen der Stadt)<\/span><span style=\"font-weight: 400;\"><br \/><\/span><b><\/b><\/p><p><b>Samstag, 21. September:<\/b><b><br \/><\/b><\/p><p><span style=\"font-weight: 400;\">17:30 \u2013 Pla\u00e7a de l\u2019Ajuntament (Rathausplatz) \u2013 Dudelsackkonzert<\/span><span style=\"font-weight: 400;\"><br \/><\/span><\/p><p><span style=\"font-weight: 400;\">18:00 \u2013 Pla\u00e7a de l\u2019Ajuntament (Rathausplatz) \u2013 Castellers-Vorf\u00fchrung<\/span><span style=\"font-weight: 400;\"><br \/><\/span><\/p><p><span style=\"font-weight: 400;\">21:45 \u2013 Pla\u00e7a Llu\u00eds Gallart (Llu\u00eds-Gallart-Platz) \u2013 Correfoc (Feuerumzug)<\/span><span style=\"font-weight: 400;\"><br \/><\/span><b><\/b><\/p><p><b>Sonntag, 22. September:<\/b><b><br \/><\/b><\/p><p><span style=\"font-weight: 400;\">8:00 \u2013 Pla\u00e7a de l\u2019Ajuntament (Rathausplatz) \u2013 Matinades: Dudelsackumzug<\/span><span style=\"font-weight: 400;\"><br \/><\/span><\/p><p><span style=\"font-weight: 400;\">11:30 \u2013 Carrer Esgl\u00e9sia \/ Carrer Cervantes (Kirchenstra\u00dfe \/ Cervantesstra\u00dfe) \u2013 Umzug der Riesen<\/span><span style=\"font-weight: 400;\"><br \/><\/span><\/p><p><span style=\"font-weight: 400;\">12:30 \u2013 Pla\u00e7a de l\u2019Ajuntament (Rathausplatz) \u2013 Tanz der Riesen<\/span><span style=\"font-weight: 400;\"><br \/><\/span><b><\/b><\/p><p><b>Montag, 23. September:<\/b><b><br \/><\/b><\/p><p><span style=\"font-weight: 400;\">21:30 \u2013 Strand von Calella \u2013 Feuerwerk<\/span><\/p><p><b>Stadtfest in Calella: Konzerte<\/b><b><br \/><\/b><\/p><p><span style=\"font-weight: 400;\">Eine der wichtigsten Traditionen w\u00e4hrend der Stadtfeste in Katalonien sind die Musikdarbietungen. In Calella wird jedes Jahr ein Festzelt in der N\u00e4he des Playa de las Barcas (Barcas-Strand) aufgebaut, wo Sie drei oder vier Tage lang kostenlos lokale Musik und K\u00fcnstler aus der Region genie\u00dfen k\u00f6nnen. Hier ist das diesj\u00e4hrige Konzertprogramm:<\/span><span style=\"font-weight: 400;\"><br \/><\/span><b><\/b><\/p><h3><b>Konzertprogramm:<\/b><b><br \/><\/b><b><\/b><\/h3><p><b>Freitag, 20. September:<\/b><b><br \/><\/b><\/p><p><span style=\"font-weight: 400;\">Stay Homas \/ Di-Versiones \/ DJ Jorge Pe\u00f1afiel<\/span><span style=\"font-weight: 400;\"><br \/><\/span><b><\/b><\/p><p><b>Samstag, 21. September:<\/b><b><br \/><\/b><\/p><p><span style=\"font-weight: 400;\">Mama Dousha \/ Banda Neon \/ DJ Stuntman<\/span><span style=\"font-weight: 400;\"><br \/><\/span><b><\/b><\/p><p><b>Sonntag, 22. September:<\/b><b><br \/><\/b><\/p><p><span style=\"font-weight: 400;\">Se atormenta una vecina \/ Figa Flawas \/ DJ Send0<\/span><\/p><p><b>Stadtfest in Calella: Der Jahrmarkt<\/b><b><br \/><\/b><\/p><p><span style=\"font-weight: 400;\">Zwei der Hauptattraktionen w\u00e4hrend der Festlichkeiten in Calella sind der Handwerksmarkt und der Vergn\u00fcgungspark. Auf dem Handwerksmarkt k\u00f6nnen Sie Musik, katalanische Gastronomie und lokale Aktivit\u00e4ten genie\u00dfen. Das Programm finden Sie hier. Im Vergn\u00fcgungspark gibt es zahlreiche Attraktionen, damit auch die Kleinen eine unvergessliche Erfahrung in Calella machen k\u00f6nnen: Schie\u00dfbuden, Arcade-Spiele, Fahrgesch\u00e4fte und mehr.<\/span><\/p><h3><b>\u00d6ffnungszeiten des Jahrmarkts:<\/b><b><br \/><\/b><b><\/b><\/h3><h4><b>Handwerksmarkt:<\/b><b><br \/><\/b><\/h4><p><span style=\"font-weight: 400;\">Freitag, 20. September: 11:00\u201323:00 Uhr<\/span><span style=\"font-weight: 400;\"><br \/><\/span><\/p><p><span style=\"font-weight: 400;\">Samstag, 21. September: 11:00\u201323:00 Uhr<\/span><span style=\"font-weight: 400;\"><br \/><\/span><\/p><p><span style=\"font-weight: 400;\">Sonntag, 22. September: 11:00\u201323:00 Uhr<\/span><span style=\"font-weight: 400;\"><br \/><\/span><\/p><p><span style=\"font-weight: 400;\">Montag, 23. September: 11:00\u201321:00 Uhr<\/span><span style=\"font-weight: 400;\"><br \/><\/span><i><\/i><\/p><p><i><span style=\"font-weight: 400;\">Hotel Bernat II-G\u00e4ste erhalten beim Check-in kostenlose Eintrittskarten f\u00fcr den Markt.<\/span><\/i><\/p><h4><b>Vergn\u00fcgungspark:<\/b><b><br \/><\/b><\/h4><p><span style=\"font-weight: 400;\">18.\u201323. September, 17:00\u201323:00 Uhr. Standort: Passeig de les Roques und Riera Capaspre.<\/span><span style=\"font-weight: 400;\"><br \/><\/span><i><\/i><\/p><p><i><span style=\"font-weight: 400;\">18. September: Kindertag \u2013 2\u00d71 auf alle Attraktionen f\u00fcr Kinder.<\/span><\/i><\/p>\t\t\t\t\t\t\t\t<\/div>\n\t\t\t\t\t<\/div>\n\t\t\t\t<\/div>\n\t\t\t\t<\/div>\n\t\t","protected":false},"excerpt":{"rendered":"<p>Erleben Sie das Stadtfest von Calella Die K\u00fcstenstadt Maresme er\u00f6ffnet die Festlichkeiten zu Ehren der Minerva Der September ist einer der bedeutendsten Monate des Jahres f\u00fcr die Einwohner von Calella. In wenigen Tagen beginnen die Festlichkeiten der Stadt, und schon bald werden die Stra\u00dfen voller Freude und Aufregung sein. Vom 19. bis 23. September hat &#8230;<\/p>\n","protected":false},"author":1,"featured_media":15270,"comment_status":"closed","ping_status":"closed","sticky":false,"template":"","format":"standard","meta":{"loftocean_post_format_gallery":"","loftocean_post_format_gallery_ids":"","loftocean_post_format_gallery_urls":"","loftocean_post_format_video_id":0,"loftocean_post_format_video_url":"","loftocean_post_format_video_type":"","loftocean_post_format_video":"","loftocean_post_format_audio_type":"","loftocean_post_format_audio_url":"","loftocean_post_format_audio_id":0,"loftocean_post_format_audio":"","loftocean-like-count":0,"cozystay_single_post_hide_site_header":"","cozystay_single_post_site_header_source":"","cozystay_single_post_custom_site_header":"0","cozystay_single_post_custom_sticky_site_header":"0","cozystay_single_post_hide_page_title":"","cozystay_single_post_site_footer_hide_main":"","cozystay_single_custom_site_footer_main_source":"","cozystay_single_custom_site_footer_main":"0","cozystay_single_post_site_footer_hide_above":"","cozystay_single_custom_site_footer_above_source":"","cozystay_single_custom_site_footer_above":"0","cozystay_single_post_site_footer_hide_instagram":"","cozystay_single_post_site_footer_hide_bottom":"","cozystay_single_custom_mobile_menu_source":"","cozystay_single_custom_mobile_menu":"0","cozystay_single_custom_mobile_menu_animation":"","cozystay_single_custom_mobile_menu_width":"","cozystay_single_custom_mobile_menu_custom_width":375,"cozystay_single_post_template":"","footnotes":""},"categories":[447],"tags":[286,362],"class_list":["post-11359","post","type-post","status-publish","format-standard","has-post-thumbnail","hentry","category-noticias-de","tag-calella-de","tag-festtag"],"yoast_head":"<!-- This site is optimized with the Yoast SEO plugin v27.1.1 - https:\/\/yoast.com\/product\/yoast-seo-wordpress\/ -->\n<title>Stadfest von Calella | Hotel Bernat II<\/title>\n<meta name=\"description\" content=\"El 15 de junio empieza la Fiesta Mayor de Sant Quirze y Santa Julita de Calella, popularmente conocida como la Fiesta Mayor peque\u00f1a.\" \/>\n<meta name=\"robots\" content=\"index, follow, max-snippet:-1, max-image-preview:large, max-video-preview:-1\" \/>\n<link rel=\"canonical\" href=\"https:\/\/www.hotelbernatcalella.com\/de\/noticias-de\/stadfest-von-calella\/\" \/>\n<meta property=\"og:locale\" content=\"de_DE\" \/>\n<meta property=\"og:type\" content=\"article\" \/>\n<meta property=\"og:title\" content=\"Stadfest von Calella | Hotel Bernat II\" \/>\n<meta property=\"og:description\" content=\"El 15 de junio empieza la Fiesta Mayor de Sant Quirze y Santa Julita de Calella, popularmente conocida como la Fiesta Mayor peque\u00f1a.\" \/>\n<meta property=\"og:url\" content=\"https:\/\/www.hotelbernatcalella.com\/de\/noticias-de\/stadfest-von-calella\/\" \/>\n<meta property=\"og:site_name\" content=\"Hotel Bernat II\" \/>\n<meta property=\"article:published_time\" content=\"2024-11-27T10:59:46+00:00\" \/>\n<meta property=\"article:modified_time\" content=\"2024-11-29T13:05:21+00:00\" \/>\n<meta property=\"og:image\" content=\"https:\/\/hotelbernatcalella.com\/wp-content\/uploads\/2024\/11\/fiestas-calella.webp\" \/>\n\t<meta property=\"og:image:width\" content=\"1366\" \/>\n\t<meta property=\"og:image:height\" content=\"1000\" \/>\n\t<meta property=\"og:image:type\" content=\"image\/webp\" \/>\n<meta name=\"author\" content=\"admin_bernat\" \/>\n<meta name=\"twitter:card\" content=\"summary_large_image\" \/>\n<meta name=\"twitter:label1\" content=\"Verfasst von\" \/>\n\t<meta name=\"twitter:data1\" content=\"admin_bernat\" \/>\n\t<meta name=\"twitter:label2\" content=\"Gesch\u00e4tzte Lesezeit\" \/>\n\t<meta name=\"twitter:data2\" content=\"3\u00a0Minuten\" \/>\n<script type=\"application\/ld+json\" class=\"yoast-schema-graph\">{\"@context\":\"https:\/\/schema.org\",\"@graph\":[{\"@type\":\"Article\",\"@id\":\"https:\/\/www.hotelbernatcalella.com\/de\/noticias-de\/stadfest-von-calella\/#article\",\"isPartOf\":{\"@id\":\"https:\/\/www.hotelbernatcalella.com\/de\/noticias-de\/stadfest-von-calella\/\"},\"author\":{\"name\":\"admin_bernat\",\"@id\":\"https:\/\/www.hotelbernatcalella.com\/de\/#\/schema\/person\/9d2f8f220d7bb3470c6b37263c1f3a6e\"},\"headline\":\"Stadfest von Calella\",\"datePublished\":\"2024-11-27T10:59:46+00:00\",\"dateModified\":\"2024-11-29T13:05:21+00:00\",\"mainEntityOfPage\":{\"@id\":\"https:\/\/www.hotelbernatcalella.com\/de\/noticias-de\/stadfest-von-calella\/\"},\"wordCount\":519,\"image\":{\"@id\":\"https:\/\/www.hotelbernatcalella.com\/de\/noticias-de\/stadfest-von-calella\/#primaryimage\"},\"thumbnailUrl\":\"https:\/\/www.hotelbernatcalella.com\/wp-content\/uploads\/2024\/11\/fiestas-calella.webp\",\"keywords\":[\"Calella\",\"Festtag\"],\"articleSection\":[\"Nachrichten\"],\"inLanguage\":\"de\"},{\"@type\":\"WebPage\",\"@id\":\"https:\/\/www.hotelbernatcalella.com\/de\/noticias-de\/stadfest-von-calella\/\",\"url\":\"https:\/\/www.hotelbernatcalella.com\/de\/noticias-de\/stadfest-von-calella\/\",\"name\":\"Stadfest von Calella | Hotel Bernat II\",\"isPartOf\":{\"@id\":\"https:\/\/www.hotelbernatcalella.com\/de\/#website\"},\"primaryImageOfPage\":{\"@id\":\"https:\/\/www.hotelbernatcalella.com\/de\/noticias-de\/stadfest-von-calella\/#primaryimage\"},\"image\":{\"@id\":\"https:\/\/www.hotelbernatcalella.com\/de\/noticias-de\/stadfest-von-calella\/#primaryimage\"},\"thumbnailUrl\":\"https:\/\/www.hotelbernatcalella.com\/wp-content\/uploads\/2024\/11\/fiestas-calella.webp\",\"datePublished\":\"2024-11-27T10:59:46+00:00\",\"dateModified\":\"2024-11-29T13:05:21+00:00\",\"author\":{\"@id\":\"https:\/\/www.hotelbernatcalella.com\/de\/#\/schema\/person\/9d2f8f220d7bb3470c6b37263c1f3a6e\"},\"description\":\"El 15 de junio empieza la Fiesta Mayor de Sant Quirze y Santa Julita de Calella, popularmente conocida como la Fiesta Mayor peque\u00f1a.\",\"breadcrumb\":{\"@id\":\"https:\/\/www.hotelbernatcalella.com\/de\/noticias-de\/stadfest-von-calella\/#breadcrumb\"},\"inLanguage\":\"de\",\"potentialAction\":[{\"@type\":\"ReadAction\",\"target\":[\"https:\/\/www.hotelbernatcalella.com\/de\/noticias-de\/stadfest-von-calella\/\"]}]},{\"@type\":\"ImageObject\",\"inLanguage\":\"de\",\"@id\":\"https:\/\/www.hotelbernatcalella.com\/de\/noticias-de\/stadfest-von-calella\/#primaryimage\",\"url\":\"https:\/\/www.hotelbernatcalella.com\/wp-content\/uploads\/2024\/11\/fiestas-calella.webp\",\"contentUrl\":\"https:\/\/www.hotelbernatcalella.com\/wp-content\/uploads\/2024\/11\/fiestas-calella.webp\",\"width\":1366,\"height\":1000,\"caption\":\"fiestas calella\"},{\"@type\":\"BreadcrumbList\",\"@id\":\"https:\/\/www.hotelbernatcalella.com\/de\/noticias-de\/stadfest-von-calella\/#breadcrumb\",\"itemListElement\":[{\"@type\":\"ListItem\",\"position\":1,\"name\":\"Portada\",\"item\":\"https:\/\/www.hotelbernatcalella.com\/de\/\"},{\"@type\":\"ListItem\",\"position\":2,\"name\":\"Stadfest von Calella\"}]},{\"@type\":\"WebSite\",\"@id\":\"https:\/\/www.hotelbernatcalella.com\/de\/#website\",\"url\":\"https:\/\/www.hotelbernatcalella.com\/de\/\",\"name\":\"Hotel Bernat II & Spa Calella\",\"description\":\"Hotel in Calella\",\"alternateName\":\"Hotel Bernat II & Spa\",\"potentialAction\":[{\"@type\":\"SearchAction\",\"target\":{\"@type\":\"EntryPoint\",\"urlTemplate\":\"https:\/\/www.hotelbernatcalella.com\/de\/?s={search_term_string}\"},\"query-input\":{\"@type\":\"PropertyValueSpecification\",\"valueRequired\":true,\"valueName\":\"search_term_string\"}}],\"inLanguage\":\"de\"},{\"@type\":\"Person\",\"@id\":\"https:\/\/www.hotelbernatcalella.com\/de\/#\/schema\/person\/9d2f8f220d7bb3470c6b37263c1f3a6e\",\"name\":\"admin_bernat\",\"image\":{\"@type\":\"ImageObject\",\"inLanguage\":\"de\",\"@id\":\"https:\/\/www.hotelbernatcalella.com\/de\/#\/schema\/person\/image\/\",\"url\":\"https:\/\/secure.gravatar.com\/avatar\/d85a368a0264070f0a07504f04fe3de78e2fedb7d0b7a9e875b30b569151e37e?s=96&d=mm&r=g\",\"contentUrl\":\"https:\/\/secure.gravatar.com\/avatar\/d85a368a0264070f0a07504f04fe3de78e2fedb7d0b7a9e875b30b569151e37e?s=96&d=mm&r=g\",\"caption\":\"admin_bernat\"},\"sameAs\":[\"https:\/\/hotelbernatcalella.com\"]}]}<\/script>\n<!-- \/ Yoast SEO plugin. -->","yoast_head_json":{"title":"Stadfest von Calella | Hotel Bernat II","description":"El 15 de junio empieza la Fiesta Mayor de Sant Quirze y Santa Julita de Calella, popularmente conocida como la Fiesta Mayor peque\u00f1a.","robots":{"index":"index","follow":"follow","max-snippet":"max-snippet:-1","max-image-preview":"max-image-preview:large","max-video-preview":"max-video-preview:-1"},"canonical":"https:\/\/www.hotelbernatcalella.com\/de\/noticias-de\/stadfest-von-calella\/","og_locale":"de_DE","og_type":"article","og_title":"Stadfest von Calella | Hotel Bernat II","og_description":"El 15 de junio empieza la Fiesta Mayor de Sant Quirze y Santa Julita de Calella, popularmente conocida como la Fiesta Mayor peque\u00f1a.","og_url":"https:\/\/www.hotelbernatcalella.com\/de\/noticias-de\/stadfest-von-calella\/","og_site_name":"Hotel Bernat II","article_published_time":"2024-11-27T10:59:46+00:00","article_modified_time":"2024-11-29T13:05:21+00:00","og_image":[{"width":1366,"height":1000,"url":"https:\/\/hotelbernatcalella.com\/wp-content\/uploads\/2024\/11\/fiestas-calella.webp","type":"image\/webp"}],"author":"admin_bernat","twitter_card":"summary_large_image","twitter_misc":{"Verfasst von":"admin_bernat","Gesch\u00e4tzte Lesezeit":"3\u00a0Minuten"},"schema":{"@context":"https:\/\/schema.org","@graph":[{"@type":"Article","@id":"https:\/\/www.hotelbernatcalella.com\/de\/noticias-de\/stadfest-von-calella\/#article","isPartOf":{"@id":"https:\/\/www.hotelbernatcalella.com\/de\/noticias-de\/stadfest-von-calella\/"},"author":{"name":"admin_bernat","@id":"https:\/\/www.hotelbernatcalella.com\/de\/#\/schema\/person\/9d2f8f220d7bb3470c6b37263c1f3a6e"},"headline":"Stadfest von Calella","datePublished":"2024-11-27T10:59:46+00:00","dateModified":"2024-11-29T13:05:21+00:00","mainEntityOfPage":{"@id":"https:\/\/www.hotelbernatcalella.com\/de\/noticias-de\/stadfest-von-calella\/"},"wordCount":519,"image":{"@id":"https:\/\/www.hotelbernatcalella.com\/de\/noticias-de\/stadfest-von-calella\/#primaryimage"},"thumbnailUrl":"https:\/\/www.hotelbernatcalella.com\/wp-content\/uploads\/2024\/11\/fiestas-calella.webp","keywords":["Calella","Festtag"],"articleSection":["Nachrichten"],"inLanguage":"de"},{"@type":"WebPage","@id":"https:\/\/www.hotelbernatcalella.com\/de\/noticias-de\/stadfest-von-calella\/","url":"https:\/\/www.hotelbernatcalella.com\/de\/noticias-de\/stadfest-von-calella\/","name":"Stadfest von Calella | Hotel Bernat II","isPartOf":{"@id":"https:\/\/www.hotelbernatcalella.com\/de\/#website"},"primaryImageOfPage":{"@id":"https:\/\/www.hotelbernatcalella.com\/de\/noticias-de\/stadfest-von-calella\/#primaryimage"},"image":{"@id":"https:\/\/www.hotelbernatcalella.com\/de\/noticias-de\/stadfest-von-calella\/#primaryimage"},"thumbnailUrl":"https:\/\/www.hotelbernatcalella.com\/wp-content\/uploads\/2024\/11\/fiestas-calella.webp","datePublished":"2024-11-27T10:59:46+00:00","dateModified":"2024-11-29T13:05:21+00:00","author":{"@id":"https:\/\/www.hotelbernatcalella.com\/de\/#\/schema\/person\/9d2f8f220d7bb3470c6b37263c1f3a6e"},"description":"El 15 de junio empieza la Fiesta Mayor de Sant Quirze y Santa Julita de Calella, popularmente conocida como la Fiesta Mayor peque\u00f1a.","breadcrumb":{"@id":"https:\/\/www.hotelbernatcalella.com\/de\/noticias-de\/stadfest-von-calella\/#breadcrumb"},"inLanguage":"de","potentialAction":[{"@type":"ReadAction","target":["https:\/\/www.hotelbernatcalella.com\/de\/noticias-de\/stadfest-von-calella\/"]}]},{"@type":"ImageObject","inLanguage":"de","@id":"https:\/\/www.hotelbernatcalella.com\/de\/noticias-de\/stadfest-von-calella\/#primaryimage","url":"https:\/\/www.hotelbernatcalella.com\/wp-content\/uploads\/2024\/11\/fiestas-calella.webp","contentUrl":"https:\/\/www.hotelbernatcalella.com\/wp-content\/uploads\/2024\/11\/fiestas-calella.webp","width":1366,"height":1000,"caption":"fiestas calella"},{"@type":"BreadcrumbList","@id":"https:\/\/www.hotelbernatcalella.com\/de\/noticias-de\/stadfest-von-calella\/#breadcrumb","itemListElement":[{"@type":"ListItem","position":1,"name":"Portada","item":"https:\/\/www.hotelbernatcalella.com\/de\/"},{"@type":"ListItem","position":2,"name":"Stadfest von Calella"}]},{"@type":"WebSite","@id":"https:\/\/www.hotelbernatcalella.com\/de\/#website","url":"https:\/\/www.hotelbernatcalella.com\/de\/","name":"Hotel Bernat II & Spa Calella","description":"Hotel in Calella","alternateName":"Hotel Bernat II & Spa","potentialAction":[{"@type":"SearchAction","target":{"@type":"EntryPoint","urlTemplate":"https:\/\/www.hotelbernatcalella.com\/de\/?s={search_term_string}"},"query-input":{"@type":"PropertyValueSpecification","valueRequired":true,"valueName":"search_term_string"}}],"inLanguage":"de"},{"@type":"Person","@id":"https:\/\/www.hotelbernatcalella.com\/de\/#\/schema\/person\/9d2f8f220d7bb3470c6b37263c1f3a6e","name":"admin_bernat","image":{"@type":"ImageObject","inLanguage":"de","@id":"https:\/\/www.hotelbernatcalella.com\/de\/#\/schema\/person\/image\/","url":"https:\/\/secure.gravatar.com\/avatar\/d85a368a0264070f0a07504f04fe3de78e2fedb7d0b7a9e875b30b569151e37e?s=96&d=mm&r=g","contentUrl":"https:\/\/secure.gravatar.com\/avatar\/d85a368a0264070f0a07504f04fe3de78e2fedb7d0b7a9e875b30b569151e37e?s=96&d=mm&r=g","caption":"admin_bernat"},"sameAs":["https:\/\/hotelbernatcalella.com"]}]}},"loftoceanMetas":{"authorName":"admin_bernat","categories":[{"name":"Nachrichten","link":"https:\/\/www.hotelbernatcalella.com\/de\/category\/noticias-de\/","count":24}],"date":"27 de November de 2024","featuredImageSRC":"https:\/\/www.hotelbernatcalella.com\/wp-content\/uploads\/2024\/11\/fiestas-calella-150x150.webp"},"_links":{"self":[{"href":"https:\/\/www.hotelbernatcalella.com\/de\/wp-json\/wp\/v2\/posts\/11359","targetHints":{"allow":["GET"]}}],"collection":[{"href":"https:\/\/www.hotelbernatcalella.com\/de\/wp-json\/wp\/v2\/posts"}],"about":[{"href":"https:\/\/www.hotelbernatcalella.com\/de\/wp-json\/wp\/v2\/types\/post"}],"author":[{"embeddable":true,"href":"https:\/\/www.hotelbernatcalella.com\/de\/wp-json\/wp\/v2\/users\/1"}],"replies":[{"embeddable":true,"href":"https:\/\/www.hotelbernatcalella.com\/de\/wp-json\/wp\/v2\/comments?post=11359"}],"version-history":[{"count":0,"href":"https:\/\/www.hotelbernatcalella.com\/de\/wp-json\/wp\/v2\/posts\/11359\/revisions"}],"wp:featuredmedia":[{"embeddable":true,"href":"https:\/\/www.hotelbernatcalella.com\/de\/wp-json\/wp\/v2\/media\/15270"}],"wp:attachment":[{"href":"https:\/\/www.hotelbernatcalella.com\/de\/wp-json\/wp\/v2\/media?parent=11359"}],"wp:term":[{"taxonomy":"category","embeddable":true,"href":"https:\/\/www.hotelbernatcalella.com\/de\/wp-json\/wp\/v2\/categories?post=11359"},{"taxonomy":"post_tag","embeddable":true,"href":"https:\/\/www.hotelbernatcalella.com\/de\/wp-json\/wp\/v2\/tags?post=11359"}],"curies":[{"name":"wp","href":"https:\/\/api.w.org\/{rel}","templated":true}]}}